{"id":7937,"date":"2018-12-17T21:00:32","date_gmt":"2018-12-17T21:00:32","guid":{"rendered":"https:\/\/cerlalc.org\/cerlalc-na-reuniao-do-gie\/"},"modified":"2018-12-17T21:00:32","modified_gmt":"2018-12-17T21:00:32","slug":"cerlalc-na-reuniao-do-gie","status":"publish","type":"post","link":"https:\/\/cerlalc.org\/pt-br\/cerlalc-na-reuniao-do-gie\/","title":{"rendered":"Cerlalc na reuni\u00e3o do GIE"},"content":{"rendered":"<p><span style=\"font-weight: 400;\">Na reuni\u00e3o do Grupo Ibero-Am\u00e9ricano de Editores (GIE) no dia 26 de Novembro de 2018, na Feira Internacional do Livro de Guadalajara (FIL), o subdiretor t\u00e9cnico, Francisco Thaine, apresentou as atividades do Centro na regi\u00e3o, com especial \u00eanfase os projectos destinados a promover o ecossistema do livro na Ibero-Am\u00e9rica. <\/span><\/p>\n<p><span style=\"font-weight: 400;\">O GIE, fundado em 1978 e composto pelas C\u00e2maras do Livro, representa a ind\u00fastria editorial na regi\u00e3o. O dia 25 de Novembro teve lugar a elei\u00e7\u00e3o das suas diretrizes para o per\u00edodo 2019-2020, em que Jos\u00e9 Ignacio Echeverr\u00eda foi eleito como presidente, Ana Maria Cabanellas, Sonia Almaguer, Boris Faingola e Philippe Hunziker como vice-presidentes, Ana Maria Cabanellas como secret\u00e1ria geral e Aldo Falabella como tesoureiro.<\/span><\/p>\n<p>&nbsp;<\/p>\n","protected":false},"excerpt":{"rendered":"<p>Na reuni\u00e3o do Grupo Ibero-Am\u00e9ricano de Editores (GIE) no dia 26 de Novembro de 2018, na Feira Internacional do Livro de Guadalajara (FIL), o subdiretor t\u00e9cnico, Francisco Thaine, apresentou as atividades do Centro na regi\u00e3o, com especial \u00eanfase os projectos destinados a promover o ecossistema do livro na Ibero-Am\u00e9rica. O GIE, fundado em 1978 e [&hellip;]<\/p>\n","protected":false},"author":57,"featured_media":0,"comment_status":"open","ping_status":"open","sticky":false,"template":"","format":"standard","meta":{"_seopress_robots_primary_cat":""},"categories":[2464],"tags":[],"areas":[],"countries":[],"programas":[],"coauthors":[2260],"_links":{"self":[{"href":"https:\/\/cerlalc.org\/pt-br\/wp-json\/wp\/v2\/posts\/7937"}],"collection":[{"href":"https:\/\/cerlalc.org\/pt-br\/wp-json\/wp\/v2\/posts"}],"about":[{"href":"https:\/\/cerlalc.org\/pt-br\/wp-json\/wp\/v2\/types\/post"}],"author":[{"embeddable":true,"href":"https:\/\/cerlalc.org\/pt-br\/wp-json\/wp\/v2\/users\/57"}],"replies":[{"embeddable":true,"href":"https:\/\/cerlalc.org\/pt-br\/wp-json\/wp\/v2\/comments?post=7937"}],"version-history":[{"count":0,"href":"https:\/\/cerlalc.org\/pt-br\/wp-json\/wp\/v2\/posts\/7937\/revisions"}],"wp:attachment":[{"href":"https:\/\/cerlalc.org\/pt-br\/wp-json\/wp\/v2\/media?parent=7937"}],"wp:term":[{"taxonomy":"category","embeddable":true,"href":"https:\/\/cerlalc.org\/pt-br\/wp-json\/wp\/v2\/categories?post=7937"},{"taxonomy":"post_tag","embeddable":true,"href":"https:\/\/cerlalc.org\/pt-br\/wp-json\/wp\/v2\/tags?post=7937"},{"taxonomy":"areas","embeddable":true,"href":"https:\/\/cerlalc.org\/pt-br\/wp-json\/wp\/v2\/areas?post=7937"},{"taxonomy":"countries","embeddable":true,"href":"https:\/\/cerlalc.org\/pt-br\/wp-json\/wp\/v2\/countries?post=7937"},{"taxonomy":"programas","embeddable":true,"href":"https:\/\/cerlalc.org\/pt-br\/wp-json\/wp\/v2\/programas?post=7937"},{"taxonomy":"author","embeddable":true,"href":"https:\/\/cerlalc.org\/pt-br\/wp-json\/wp\/v2\/coauthors?post=7937"}],"curies":[{"name":"wp","href":"https:\/\/api.w.org\/{rel}","templated":true}]}}