{"id":7942,"date":"2018-12-17T20:36:35","date_gmt":"2018-12-17T20:36:35","guid":{"rendered":"https:\/\/cerlalc.org\/mision-de-la-directora-del-cerlalc-en-la-unesco\/"},"modified":"2018-12-17T20:36:35","modified_gmt":"2018-12-17T20:36:35","slug":"mision-de-la-directora-del-cerlalc-en-la-unesco","status":"publish","type":"post","link":"https:\/\/cerlalc.org\/pt-br\/mision-de-la-directora-del-cerlalc-en-la-unesco\/","title":{"rendered":"Misi\u00f3n de la directora del Cerlalc en la UNESCO"},"content":{"rendered":"<p><span style=\"font-weight: 400;\">La directora del Cerlalc, Marianne Ponsford, particip\u00f3 en la XII Sesi\u00f3n del Comit\u00e9 Intergubernamental para la Protecci\u00f3n y la Promoci\u00f3n de la Diversidad de Expresiones Culturales de la Convenci\u00f3n 2005 de la UNESCO, que se desarroll\u00f3 entre el 11 y el 14 de diciembre de 2018.<\/span><\/p>\n<p><span style=\"font-weight: 400;\">El 12 de diciembre, la directora se reuni\u00f3 con el subdirector general de Cultura de la UNESCO, Ernesto Ottone, a quien le present\u00f3 los proyectos que el Cerlalc desarroll\u00f3 en 2018 y aquellos que se realizar\u00e1n en 2019, teniendo en cuenta la contribuci\u00f3n de estos a los objetivos de la Convenci\u00f3n 2005 de la UNESCO y a los Objetivos de Desarrollo Sostenible de la Agenda 2030.<\/span><\/p>\n<p><span style=\"font-weight: 400;\">Se reuni\u00f3 tambi\u00e9n con la subdirectora general de Educaci\u00f3n, Stefania Giannini, con quien habl\u00f3 sobre el cuarto estudio de las pruebas ERCE y sobre los proyectos del Cerlalc en materia de bibliotecas escolares.<\/span><\/p>\n<p><span style=\"font-weight: 400;\">Asimismo, el 14 de diciembre, present\u00f3 a las Delegaciones Permanentes de los Estados Miembros del Cerlalc ante la UNESCO el trabajo del Centro en el marco de su programa t\u00e9cnico Iberoam\u00e9rica Lee 2018-2019.<\/span><\/p>\n<p>&nbsp;<\/p>\n","protected":false},"excerpt":{"rendered":"<p>La directora del Cerlalc, Marianne Ponsford, particip\u00f3 en la XII Sesi\u00f3n del Comit\u00e9 Intergubernamental para la Protecci\u00f3n y la Promoci\u00f3n de la Diversidad de Expresiones Culturales de la Convenci\u00f3n 2005 de la UNESCO, que se desarroll\u00f3 entre el 11 y el 14 de diciembre de 2018. El 12 de diciembre, la directora se reuni\u00f3 con [&hellip;]<\/p>\n","protected":false},"author":57,"featured_media":7746,"comment_status":"open","ping_status":"open","sticky":false,"template":"","format":"standard","meta":{"_seopress_robots_primary_cat":""},"categories":[2464],"tags":[],"areas":[],"countries":[],"programas":[],"coauthors":[2260],"_links":{"self":[{"href":"https:\/\/cerlalc.org\/pt-br\/wp-json\/wp\/v2\/posts\/7942"}],"collection":[{"href":"https:\/\/cerlalc.org\/pt-br\/wp-json\/wp\/v2\/posts"}],"about":[{"href":"https:\/\/cerlalc.org\/pt-br\/wp-json\/wp\/v2\/types\/post"}],"author":[{"embeddable":true,"href":"https:\/\/cerlalc.org\/pt-br\/wp-json\/wp\/v2\/users\/57"}],"replies":[{"embeddable":true,"href":"https:\/\/cerlalc.org\/pt-br\/wp-json\/wp\/v2\/comments?post=7942"}],"version-history":[{"count":0,"href":"https:\/\/cerlalc.org\/pt-br\/wp-json\/wp\/v2\/posts\/7942\/revisions"}],"wp:featuredmedia":[{"embeddable":true,"href":"https:\/\/cerlalc.org\/pt-br\/wp-json\/wp\/v2\/media\/7746"}],"wp:attachment":[{"href":"https:\/\/cerlalc.org\/pt-br\/wp-json\/wp\/v2\/media?parent=7942"}],"wp:term":[{"taxonomy":"category","embeddable":true,"href":"https:\/\/cerlalc.org\/pt-br\/wp-json\/wp\/v2\/categories?post=7942"},{"taxonomy":"post_tag","embeddable":true,"href":"https:\/\/cerlalc.org\/pt-br\/wp-json\/wp\/v2\/tags?post=7942"},{"taxonomy":"areas","embeddable":true,"href":"https:\/\/cerlalc.org\/pt-br\/wp-json\/wp\/v2\/areas?post=7942"},{"taxonomy":"countries","embeddable":true,"href":"https:\/\/cerlalc.org\/pt-br\/wp-json\/wp\/v2\/countries?post=7942"},{"taxonomy":"programas","embeddable":true,"href":"https:\/\/cerlalc.org\/pt-br\/wp-json\/wp\/v2\/programas?post=7942"},{"taxonomy":"author","embeddable":true,"href":"https:\/\/cerlalc.org\/pt-br\/wp-json\/wp\/v2\/coauthors?post=7942"}],"curies":[{"name":"wp","href":"https:\/\/api.w.org\/{rel}","templated":true}]}}