{"id":7943,"date":"2018-12-17T20:33:22","date_gmt":"2018-12-17T20:33:22","guid":{"rendered":"https:\/\/cerlalc.org\/cerlalc-en-reunion-del-gie\/"},"modified":"2018-12-17T20:33:22","modified_gmt":"2018-12-17T20:33:22","slug":"cerlalc-en-reunion-del-gie","status":"publish","type":"post","link":"https:\/\/cerlalc.org\/pt-br\/cerlalc-en-reunion-del-gie\/","title":{"rendered":"Cerlalc en reuni\u00f3n del GIE"},"content":{"rendered":"<p><span style=\"font-weight: 400;\">En el marco de la reuni\u00f3n del Grupo Iberoamericano de Editores (GIE) del 26 de noviembre de 2018 en la 32a Feria Internacional del Libro de Guadalajara (FIL), el Cerlalc expuso los principales logros de su gesti\u00f3n en el \u00faltimo a\u00f1o.<\/span><\/p>\n<p><span style=\"font-weight: 400;\">El subdirector t\u00e9cnico, Francisco Thaine, present\u00f3 ante el Grupo las actividades realizadas por el Centro en la regi\u00f3n, destacando especialmente los proyectos dirigidos a fomentar el ecosistema del libro en Iberoam\u00e9rica.<\/span><\/p>\n<p><span style=\"font-weight: 400;\">El GIE, fundado en 1978 e integrado por las C\u00e1maras del Libro de Iberoam\u00e9rica, representa a la industria editorial de la regi\u00f3n. El 25 de noviembre tuvieron lugar sus elecciones de directivas para el periodo 2019-2020, en las que Jos\u00e9 Ignacio Echeverr\u00eda fue elegido como presidente, Ana Mar\u00eda Cabanellas, Sonia Almaguer, Boris Faingola y Philippe Hunziker como vicepresidentes, Ana Mar\u00eda Cabanellas como secretaria general y Aldo Falabella como tesorero.<\/span><\/p>\n<p>&nbsp;<\/p>\n","protected":false},"excerpt":{"rendered":"<p>En el marco de la reuni\u00f3n del Grupo Iberoamericano de Editores (GIE) del 26 de noviembre de 2018 en la 32a Feria Internacional del Libro de Guadalajara (FIL), el Cerlalc expuso los principales logros de su gesti\u00f3n en el \u00faltimo a\u00f1o. El subdirector t\u00e9cnico, Francisco Thaine, present\u00f3 ante el Grupo las actividades realizadas por el [&hellip;]<\/p>\n","protected":false},"author":57,"featured_media":7745,"comment_status":"open","ping_status":"open","sticky":false,"template":"","format":"standard","meta":{"_seopress_robots_primary_cat":""},"categories":[2464],"tags":[],"areas":[],"countries":[],"programas":[],"coauthors":[2260],"_links":{"self":[{"href":"https:\/\/cerlalc.org\/pt-br\/wp-json\/wp\/v2\/posts\/7943"}],"collection":[{"href":"https:\/\/cerlalc.org\/pt-br\/wp-json\/wp\/v2\/posts"}],"about":[{"href":"https:\/\/cerlalc.org\/pt-br\/wp-json\/wp\/v2\/types\/post"}],"author":[{"embeddable":true,"href":"https:\/\/cerlalc.org\/pt-br\/wp-json\/wp\/v2\/users\/57"}],"replies":[{"embeddable":true,"href":"https:\/\/cerlalc.org\/pt-br\/wp-json\/wp\/v2\/comments?post=7943"}],"version-history":[{"count":0,"href":"https:\/\/cerlalc.org\/pt-br\/wp-json\/wp\/v2\/posts\/7943\/revisions"}],"wp:featuredmedia":[{"embeddable":true,"href":"https:\/\/cerlalc.org\/pt-br\/wp-json\/wp\/v2\/media\/7745"}],"wp:attachment":[{"href":"https:\/\/cerlalc.org\/pt-br\/wp-json\/wp\/v2\/media?parent=7943"}],"wp:term":[{"taxonomy":"category","embeddable":true,"href":"https:\/\/cerlalc.org\/pt-br\/wp-json\/wp\/v2\/categories?post=7943"},{"taxonomy":"post_tag","embeddable":true,"href":"https:\/\/cerlalc.org\/pt-br\/wp-json\/wp\/v2\/tags?post=7943"},{"taxonomy":"areas","embeddable":true,"href":"https:\/\/cerlalc.org\/pt-br\/wp-json\/wp\/v2\/areas?post=7943"},{"taxonomy":"countries","embeddable":true,"href":"https:\/\/cerlalc.org\/pt-br\/wp-json\/wp\/v2\/countries?post=7943"},{"taxonomy":"programas","embeddable":true,"href":"https:\/\/cerlalc.org\/pt-br\/wp-json\/wp\/v2\/programas?post=7943"},{"taxonomy":"author","embeddable":true,"href":"https:\/\/cerlalc.org\/pt-br\/wp-json\/wp\/v2\/coauthors?post=7943"}],"curies":[{"name":"wp","href":"https:\/\/api.w.org\/{rel}","templated":true}]}}