{"id":7944,"date":"2018-12-17T20:30:55","date_gmt":"2018-12-17T20:30:55","guid":{"rendered":"https:\/\/cerlalc.org\/como-guardar-en-digital-la-memoria-bibliografica-de-nuestros-paises\/"},"modified":"2018-12-17T20:30:55","modified_gmt":"2018-12-17T20:30:55","slug":"como-guardar-en-digital-la-memoria-bibliografica-de-nuestros-paises","status":"publish","type":"post","link":"https:\/\/cerlalc.org\/pt-br\/como-guardar-en-digital-la-memoria-bibliografica-de-nuestros-paises\/","title":{"rendered":"C\u00f3mo conservar la memoria bibliogr\u00e1fica de Am\u00e9rica Latina en formato digital"},"content":{"rendered":"<p><span style=\"font-weight: 400;\">Los d\u00edas 29 y 30 de noviembre se realiz\u00f3 en la sede del Cerlalc la Mesa de concertaci\u00f3n subregional sobre dep\u00f3sito legal y repositorios digitales, organizada por el Centro.<\/span><\/p>\n<p><span style=\"font-weight: 400;\">Ana Mar\u00eda Cabanellas, del Grupo Iberoamericano de Editores (GIE), Ver\u00f3nica Fiore, de la <\/span><span style=\"font-weight: 400;\">Biblioteca Nacional Mariano Moreno de Argentina, Iv\u00e1n Buzeta de la Biblioteca Nacional de Chile, Myriam Mar\u00edn y Johanna Gallego de la Biblioteca Nacional de Colombia, Mar P\u00e9rez de la Biblioteca Nacional de Espa\u00f1a, Silvia Salgado de la Biblioteca Nacional de M\u00e9xico y Milagros Delgado de la Biblioteca Nacional del Per\u00fa y el equipo de Derecho de Autor del Cerlalc discutieron c\u00f3mo reglamentar el dep\u00f3sito legal digital, los estatutos de obras hu\u00e9rfanas y los repositorios digitales en la regi\u00f3n.<\/span><\/p>\n<p><span style=\"font-weight: 400;\">Los participantes<\/span><span style=\"font-weight: 400;\"> fijaron criterios para reducir los actuales problemas de almacenamiento y gesti\u00f3n de contenidos en formato f\u00edsico, identificaron las principales falencias en las actividades de control y exigencia del dep\u00f3sito legal y las formas de afrontarlas, fijaron puntos de priorizaci\u00f3n para el almacenamiento de muestras representativas de contenidos web y precisaron el marco general para la regulaci\u00f3n del dep\u00f3sito legal en formato electr\u00f3nico. \u00a0<\/span><\/p>\n<p><span style=\"font-weight: 400;\">Ana Mar\u00eda Cabanellas exalt\u00f3 la importancia de la figura del dep\u00f3sito legal para la conservaci\u00f3n del patrimonio bibliogr\u00e1fico de las naciones y se\u00f1al\u00f3 que desde el sector editorial se debe apoyar m\u00e1s la medida.<\/span><\/p>\n<p><span style=\"font-weight: 400;\">Los diferentes representantes de las bibliotecas patrimoniales coincidieron en que el pr\u00e9stamo p\u00fablico escapa a la naturaleza y los fines del dep\u00f3sito legal, por lo que el acceso a los cat\u00e1logos de las bibliotecas patrimoniales se debe limitar a la consulta en sala. Adem\u00e1s, solicitaron al Cerlalc su asistencia t\u00e9cnica para realizar encuestas en cada uno de los pa\u00edses y as\u00ed avanzar en la reglamentaci\u00f3n y puesta en marcha del dep\u00f3sito legal.<\/span><\/p>\n<p><span style=\"font-weight: 400;\">El pr\u00f3ximo a\u00f1o el Centro enviar\u00e1 a los participantes el documento con los lineamientos acordados y la Mesa continuar\u00e1 sus discusiones en un foro virtual cerrado.<\/span><\/p>\n<p>&nbsp;<\/p>\n","protected":false},"excerpt":{"rendered":"<p>Los d\u00edas 29 y 30 de noviembre se realiz\u00f3 en la sede del Cerlalc la Mesa de concertaci\u00f3n subregional sobre dep\u00f3sito legal y repositorios digitales, organizada por el Centro. Ana Mar\u00eda Cabanellas, del Grupo Iberoamericano de Editores (GIE), Ver\u00f3nica Fiore, de la Biblioteca Nacional Mariano Moreno de Argentina, Iv\u00e1n Buzeta de la Biblioteca Nacional de [&hellip;]<\/p>\n","protected":false},"author":57,"featured_media":7744,"comment_status":"open","ping_status":"open","sticky":false,"template":"","format":"standard","meta":{"_seopress_robots_primary_cat":""},"categories":[2464],"tags":[],"areas":[],"countries":[],"programas":[],"coauthors":[2260],"_links":{"self":[{"href":"https:\/\/cerlalc.org\/pt-br\/wp-json\/wp\/v2\/posts\/7944"}],"collection":[{"href":"https:\/\/cerlalc.org\/pt-br\/wp-json\/wp\/v2\/posts"}],"about":[{"href":"https:\/\/cerlalc.org\/pt-br\/wp-json\/wp\/v2\/types\/post"}],"author":[{"embeddable":true,"href":"https:\/\/cerlalc.org\/pt-br\/wp-json\/wp\/v2\/users\/57"}],"replies":[{"embeddable":true,"href":"https:\/\/cerlalc.org\/pt-br\/wp-json\/wp\/v2\/comments?post=7944"}],"version-history":[{"count":0,"href":"https:\/\/cerlalc.org\/pt-br\/wp-json\/wp\/v2\/posts\/7944\/revisions"}],"wp:featuredmedia":[{"embeddable":true,"href":"https:\/\/cerlalc.org\/pt-br\/wp-json\/wp\/v2\/media\/7744"}],"wp:attachment":[{"href":"https:\/\/cerlalc.org\/pt-br\/wp-json\/wp\/v2\/media?parent=7944"}],"wp:term":[{"taxonomy":"category","embeddable":true,"href":"https:\/\/cerlalc.org\/pt-br\/wp-json\/wp\/v2\/categories?post=7944"},{"taxonomy":"post_tag","embeddable":true,"href":"https:\/\/cerlalc.org\/pt-br\/wp-json\/wp\/v2\/tags?post=7944"},{"taxonomy":"areas","embeddable":true,"href":"https:\/\/cerlalc.org\/pt-br\/wp-json\/wp\/v2\/areas?post=7944"},{"taxonomy":"countries","embeddable":true,"href":"https:\/\/cerlalc.org\/pt-br\/wp-json\/wp\/v2\/countries?post=7944"},{"taxonomy":"programas","embeddable":true,"href":"https:\/\/cerlalc.org\/pt-br\/wp-json\/wp\/v2\/programas?post=7944"},{"taxonomy":"author","embeddable":true,"href":"https:\/\/cerlalc.org\/pt-br\/wp-json\/wp\/v2\/coauthors?post=7944"}],"curies":[{"name":"wp","href":"https:\/\/api.w.org\/{rel}","templated":true}]}}