{"id":7959,"date":"2018-11-17T15:30:49","date_gmt":"2018-11-17T15:30:49","guid":{"rendered":"https:\/\/cerlalc.org\/cerlalc-en-la-feria-del-libro-de-quito\/"},"modified":"2018-11-17T15:30:49","modified_gmt":"2018-11-17T15:30:49","slug":"cerlalc-en-la-feria-del-libro-de-quito","status":"publish","type":"post","link":"https:\/\/cerlalc.org\/pt-br\/cerlalc-en-la-feria-del-libro-de-quito\/","title":{"rendered":"Cerlalc en la Feria del Libro de Quito"},"content":{"rendered":"<p><span style=\"font-weight: 400;\">Entre el 14 y el 16 de noviembre, en el marco de la XI Feria del Libro y la Lectura de Quito, se celebr\u00f3 el evento \u201cLa biblioteca y sus universos\u201d, donde el Cerlalc comparti\u00f3 una mesa con Sueli Ferreira, jefe de la divisi\u00f3n 5 de la IFLA para Am\u00e9rica Latina y el Caribe, \u00c1frica, Asia y Ocean\u00eda. <\/span><\/p>\n<p><span style=\"font-weight: 400;\">All\u00ed compartieron visiones sobre la biblioteca p\u00fablica en la agenda pol\u00edtica y su relaci\u00f3n con la Agenda 2030 de las Naciones Unidas. Participaron tambi\u00e9n bibliotecarios de distintas zonas de Ecuador y promotores de lectura que presentaron sus experiencias locales. <\/span><\/p>\n<p><img loading=\"lazy\" class=\"alignnone size-full wp-image-5893 aligncenter\" src=\"https:\/\/cerlalc.org\/wp-content\/uploads\/2018\/11\/Jeimy-Feria-del-Libro-Quito.png\" alt=\"\" width=\"950\" height=\"400\" srcset=\"https:\/\/cerlalc.org\/wp-content\/uploads\/2018\/11\/Jeimy-Feria-del-Libro-Quito.png 950w, https:\/\/cerlalc.org\/wp-content\/uploads\/2018\/11\/Jeimy-Feria-del-Libro-Quito-300x126.png 300w, https:\/\/cerlalc.org\/wp-content\/uploads\/2018\/11\/Jeimy-Feria-del-Libro-Quito-768x323.png 768w, https:\/\/cerlalc.org\/wp-content\/uploads\/2018\/11\/Jeimy-Feria-del-Libro-Quito-128x54.png 128w, https:\/\/cerlalc.org\/wp-content\/uploads\/2018\/11\/Jeimy-Feria-del-Libro-Quito-180x76.png 180w\" sizes=\"(max-width: 950px) 100vw, 950px\" \/><\/p>\n","protected":false},"excerpt":{"rendered":"<p>Entre el 14 y el 16 de noviembre, en el marco de la XI Feria del Libro y la Lectura de Quito, se celebr\u00f3 el evento \u201cLa biblioteca y sus universos\u201d, donde el Cerlalc comparti\u00f3 una mesa con Sueli Ferreira, jefe de la divisi\u00f3n 5 de la IFLA para Am\u00e9rica Latina y el Caribe, \u00c1frica, [&hellip;]<\/p>\n","protected":false},"author":57,"featured_media":7694,"comment_status":"open","ping_status":"open","sticky":false,"template":"","format":"standard","meta":{"_seopress_robots_primary_cat":""},"categories":[2464],"tags":[2478,2486],"areas":[],"countries":[],"programas":[],"coauthors":[2260],"_links":{"self":[{"href":"https:\/\/cerlalc.org\/pt-br\/wp-json\/wp\/v2\/posts\/7959"}],"collection":[{"href":"https:\/\/cerlalc.org\/pt-br\/wp-json\/wp\/v2\/posts"}],"about":[{"href":"https:\/\/cerlalc.org\/pt-br\/wp-json\/wp\/v2\/types\/post"}],"author":[{"embeddable":true,"href":"https:\/\/cerlalc.org\/pt-br\/wp-json\/wp\/v2\/users\/57"}],"replies":[{"embeddable":true,"href":"https:\/\/cerlalc.org\/pt-br\/wp-json\/wp\/v2\/comments?post=7959"}],"version-history":[{"count":0,"href":"https:\/\/cerlalc.org\/pt-br\/wp-json\/wp\/v2\/posts\/7959\/revisions"}],"wp:featuredmedia":[{"embeddable":true,"href":"https:\/\/cerlalc.org\/pt-br\/wp-json\/wp\/v2\/media\/7694"}],"wp:attachment":[{"href":"https:\/\/cerlalc.org\/pt-br\/wp-json\/wp\/v2\/media?parent=7959"}],"wp:term":[{"taxonomy":"category","embeddable":true,"href":"https:\/\/cerlalc.org\/pt-br\/wp-json\/wp\/v2\/categories?post=7959"},{"taxonomy":"post_tag","embeddable":true,"href":"https:\/\/cerlalc.org\/pt-br\/wp-json\/wp\/v2\/tags?post=7959"},{"taxonomy":"areas","embeddable":true,"href":"https:\/\/cerlalc.org\/pt-br\/wp-json\/wp\/v2\/areas?post=7959"},{"taxonomy":"countries","embeddable":true,"href":"https:\/\/cerlalc.org\/pt-br\/wp-json\/wp\/v2\/countries?post=7959"},{"taxonomy":"programas","embeddable":true,"href":"https:\/\/cerlalc.org\/pt-br\/wp-json\/wp\/v2\/programas?post=7959"},{"taxonomy":"author","embeddable":true,"href":"https:\/\/cerlalc.org\/pt-br\/wp-json\/wp\/v2\/coauthors?post=7959"}],"curies":[{"name":"wp","href":"https:\/\/api.w.org\/{rel}","templated":true}]}}