{"id":8089,"date":"2018-03-09T12:36:14","date_gmt":"2018-03-09T12:36:14","guid":{"rendered":"https:\/\/cerlalc.org\/cerlalc-presento-el-programa-tecnico-para-el-bienio-2018-2019-al-comite-ejecutivo\/"},"modified":"2018-03-09T12:36:14","modified_gmt":"2018-03-09T12:36:14","slug":"cerlalc-presento-el-programa-tecnico-para-el-bienio-2018-2019-al-comite-ejecutivo","status":"publish","type":"post","link":"https:\/\/cerlalc.org\/pt-br\/cerlalc-presento-el-programa-tecnico-para-el-bienio-2018-2019-al-comite-ejecutivo\/","title":{"rendered":"Cerlalc present\u00f3 el Programa T\u00e9cnico para el bienio 2018-2019 al Comit\u00e9 Ejecutivo"},"content":{"rendered":"<p>El 6 de marzo, el viceministro de Cultura de Guatemala, Juan Alberto Monz\u00f3n; el director de Asuntos Culturales del Ministerio de Relaciones Exteriores de Colombia, Santiago Jara; el coordinador del Grupo de Trabajo Unesco del Ministerio de Relaciones Exteriores de Colombia, Francisco Guti\u00e9rrez, y la jefe de Cooperaci\u00f3n y Asuntos Internacionales del Ministerio de Educaci\u00f3n Nacional de Colombia, Luz Amparo Medina, acudieron a la sede del Cerlalc para la 56.a reuni\u00f3n ordinaria del Comit\u00e9 Ejecutivo que se desarroll\u00f3 de manera virtual.<br \/>\nSilvia Elena Regalado, secretaria de Cultura de El Salvador y actual presidenta del Comit\u00e9, presidi\u00f3 la sesi\u00f3n, en la que participaron tambi\u00e9n Sebasti\u00e1n Noejovich, coordinador de Letras y Libros del Ministerio de Cultura de Argentina; Guillermo Relaves D\u2019Oliveira, director del Departamento del Libro, la Lectura, la Literatura y las Bibliotecas del Ministerio de Cultura de Brasil, acompa\u00f1ado de Ana Cristina Araruna Melo, coordinadora general de Lectura, Literatura y Econom\u00eda del Libro; Jaqueline Ferreira dos Santos Gomes, coordinadora general del Sistema Nacional de Bibliotecas P\u00fablicas y vicepresidenta del programa Iberbibliotecas, y Ana Maria da Costa Souza, coordinadora de la Coordinaci\u00f3n General del Sistema Nacional de Bibliotecas P\u00fablicas de Brasil. En representaci\u00f3n de Cuba particip\u00f3 Juan Rodr\u00edguez, presidente del Instituto Cubano del Libro  y, de M\u00e9xico, Ang\u00e9lica V\u00e1zquez del Mercado, directora general adjunta de Fomento a la Lectura y el Libro de la Secretar\u00eda de Cultura.<br \/>\nEl Comit\u00e9 tambi\u00e9n cont\u00f3 con la participaci\u00f3n de Olga Rufins, representante de la Oficina Regional de Cultura para Am\u00e9rica Latina y el Caribe de la Unesco, con sede en la Habana, oficina de enlace del Cerlalc con la Organizaci\u00f3n, as\u00ed como de Melika Medici Caucino , de la Secretar\u00eda Ejecutiva de la Convenci\u00f3n para la Protecci\u00f3n y la Promoci\u00f3n de la Diversidad de las Expresiones Culturales, quien sigui\u00f3 la reuni\u00f3n desde Par\u00eds.<br \/>\nEl Comit\u00e9 Ejecutivo es uno de los \u00f3rganos de gobierno del Cerlalc. Se re\u00fane de manera ordinaria una vez al a\u00f1o para examinar y aprobar el programa t\u00e9cnico y el presupuesto, ejercer control financiero y seleccionar la firma auditor\u00eda externa, entero otras funciones. Durante la 56.a reuni\u00f3n ordinaria del Comit\u00e9 Ejecutivo, el Cerlalc present\u00f3 el informe presupuestal de la vigencia 2017 y de ejecuci\u00f3n del Programa T\u00e9cnico 2017, as\u00ed como los proyectos y actividades propuestos para el pr\u00f3ximo bienio, recogidos en el Programa T\u00e9cnico 2018-2019, Iberoam\u00e9rica Lee.<br \/>\nUn Cerlalc al servicio de Iberoam\u00e9rica<br \/>\nEn su saludo de bienvenida, la directora del Centro, Marianne Ponsford, agradeci\u00f3 el respaldo de los pa\u00edses miembros y record\u00f3 que el organismo se debe a ellos. Se\u00f1al\u00f3, adem\u00e1s, que 2017 hab\u00eda constituido un a\u00f1o positivo para el Cerlalc debido al fortalecimiento de las relaciones con los pa\u00edses miembros y al cumplimiento de las metas propuestas en el Programa T\u00e9cnico 2017: de los 101 proyectos y actividades espec\u00edficas propuestas el Cerlalc ejecut\u00f3 el 81% en un plazo de ocho meses.<br \/>\nDurante 2017, se ejecutaron trece asistencias t\u00e9cnicas a diferentes pa\u00edses de la regi\u00f3n, se realizaron trece investigaciones y nueve publicaciones, se organizaron y apoyaron veinti\u00fan eventos y se desarrollaron seis cursos de formaci\u00f3n. Adicionalmente, se inici\u00f3 la implementaci\u00f3n de una nueva estrategia de comunicaciones que busca fortalecer los canales de comunicaci\u00f3n con los veinti\u00fan pa\u00edses miembros y difundir la constante actividad del organismo.<br \/>\nIberoam\u00e9rica lee, un Programa T\u00e9cnico enfocado en la circulaci\u00f3n del libro y las pol\u00edticas de lectura<br \/>\nEl Programa T\u00e9cnico 2018-2019, Iberoam\u00e9rica Lee, que surge de un ejercicio cr\u00edtico permanente sobre lo que implica la creaci\u00f3n de condiciones para el desarrollo de sociedades lectoras, encargo misional del organismo, tiene dos objetivos fundamentales: promover la circulaci\u00f3n del libro en Iberoam\u00e9rica y fomentar el desarrollo de pol\u00edticas p\u00fablicas en torno a la lectura.<br \/>\nEl Centro buscar\u00e1 fortalecer su presencia en sus pa\u00edses miembros mediante acciones de asistencia t\u00e9cnica, asesorar\u00e1 a los gobiernos en la creaci\u00f3n de pol\u00edticas p\u00fablicas, legislaci\u00f3n, lineamientos y protocolos de promoci\u00f3n de lectura y de apoyo a la circulaci\u00f3n del libro. Tambi\u00e9n buscar\u00e1 seguir fortaleci\u00e9ndose como centro de producci\u00f3n y difusi\u00f3n de conocimiento especializado.<br \/>\nCon este Programa T\u00e9cnico, el Cerlalc busca articular sus acciones con los objetivos estrat\u00e9gicos de la Estrategia a Plazo Medio de la Unesco 2014-2021, a fin de contribuir a la consecuci\u00f3n de los resultados esperados, tal como le corresponde por su condici\u00f3n de centro de categor\u00eda 2.<br \/>\nPara fomentar la circulaci\u00f3n del libro, el Centro dedicar\u00e1 buena parte de sus esfuerzos a la creaci\u00f3n del Cat\u00e1logo Latinoamericano de la Oferta editorial, una plataforma en l\u00ednea que har\u00e1 acopio de la informaci\u00f3n de la producci\u00f3n editorial en venta de los pa\u00edses de la regi\u00f3n. En el marco de Iberoam\u00e9rica lee, Cerlalc asesorar\u00e1 a Rep\u00fablica Dominicana, Uruguay, Cuba y Guatemala en la actualizaci\u00f3n de sus Planes Nacionales de Lectura.<br \/>\nEl fortalecimiento de la pol\u00edtica p\u00fablica en materia de lectura y la promoci\u00f3n de la circulaci\u00f3n del libro son los objetivos estrat\u00e9gicos alrededor de los cuales el Cerlalc propone avanzar en el pr\u00f3ximo bienio. Sobre estos objetivos se congregan acciones y proyectos espec\u00edficos que ayudar\u00e1n a su  cumplimiento mediante la investigaci\u00f3n, la asistencia t\u00e9cnica, la difusi\u00f3n de informaci\u00f3n, el intercambio de conocimientos y la formaci\u00f3n de actores.<br \/>\nUn Cerlalc atento a las necesidades de Iberoam\u00e9rica y en consonancia con los objetivos de la Unesco<br \/>\nGuillermo Relaves D\u2019Oliveira, director del Departamento del Libro, la Lectura, la Literatura y las Bibliotecas del Ministerio de Cultura de Brasil, manifest\u00f3 la pertinencia del Programa T\u00e9cnico 2018-2019: Iberoam\u00e9rica Lee para contribuir al desarrollo de las sociedades lectoras iberoamericanas. Tambi\u00e9n expres\u00f3 su entusiasmo por los proyectos presentados y el deseo del gobierno brasile\u00f1o por tener una mayor participaci\u00f3n en las actividades el Cerlalc. Relaves D\u2019Oliveira puso a disposici\u00f3n del Centro las experiencias m\u00e1s relevantes de su pa\u00eds en torno al libro y la lectura.<\/p>\n<p>Por su parte, Sebasti\u00e1n Noejovich, representante argentino, reconoci\u00f3 hizo un llamado a no olvidar grupos etarios fundamentales como el de los j\u00f3venes. \u201cEs importante y prioritario\u201d, recalc\u00f3, \u201ctrabajar en el mejoramiento de la comprensi\u00f3n lectora de los j\u00f3venes, una debilidad contrastada por los resultados en pruebas nacionales e internacionales\u201d.<\/p>\n<p>La directora de Fomento al Libro y la Lectura de M\u00e9xico, Ang\u00e9lica V\u00e1squez, inst\u00f3 al Cerlalc a liderar un proceso para concertar el uso de indicadores comunes en la medici\u00f3n de los h\u00e1bitos de lectura en los pa\u00edses de la regi\u00f3n, con el fin de que los resultados obtenidos sean comparables. Reconoci\u00f3 que las investigaciones publicadas por el Cerlalc en este \u00e1mbito, que han servido de gu\u00eda a muchos pa\u00edses, incluido M\u00e9xico, en las mediciones realizadas en los \u00faltimos a\u00f1os, han representado un primer aporte en esa direcci\u00f3n.<\/p>\n<p>Melika Caucino Medici, representante de la Secretar\u00eda Ejecutiva de la Convenci\u00f3n para la Protecci\u00f3n y la Promoci\u00f3n de la Diversidad de las Expresiones Culturales, felicit\u00f3 al Centro por su gesti\u00f3n y resalt\u00f3, como desde su especialidad, el Cerlalc aporta al gran objetivo de la Convenci\u00f3n, que no es otro que propiciar el acceso a una gama de expresiones culturales rica y diversa. \u201cLa Secretar\u00eda\u201d,  dijo Caucino Medici, \u201cconsidera al Cerlalc como un aliado importante para ofrecer asistencia t\u00e9cnica y generar y compartir informaci\u00f3n\u201c.<\/p>\n<p>Los miembros del Comit\u00e9 Ejecutivo celebraron los resultados conseguidos en 2017 y reiteraron su voto de confianza a la direcci\u00f3n del organismo para la implementaci\u00f3n del nuevo Programa T\u00e9cnico.<\/p>\n","protected":false},"excerpt":{"rendered":"<p>Durante la 56.a\u00a0reuni\u00f3n ordinaria del Comit\u00e9 Ejecutivo, el Cerlalc present\u00f3 el informe presupuestal de la vigencia 2017 y de ejecuci\u00f3n del Programa T\u00e9cnico 2017, as\u00ed como los proyectos y actividades propuestos para el pr\u00f3ximo bienio, recogidos en el Programa T\u00e9cnico 2018-2019, Iberoam\u00e9rica Lee.<\/p>\n","protected":false},"author":1,"featured_media":0,"comment_status":"open","ping_status":"open","sticky":false,"template":"","format":"standard","meta":{"_seopress_robots_primary_cat":""},"categories":[2464],"tags":[2527,2528],"areas":[],"countries":[],"programas":[],"coauthors":[],"_links":{"self":[{"href":"https:\/\/cerlalc.org\/pt-br\/wp-json\/wp\/v2\/posts\/8089"}],"collection":[{"href":"https:\/\/cerlalc.org\/pt-br\/wp-json\/wp\/v2\/posts"}],"about":[{"href":"https:\/\/cerlalc.org\/pt-br\/wp-json\/wp\/v2\/types\/post"}],"author":[{"embeddable":true,"href":"https:\/\/cerlalc.org\/pt-br\/wp-json\/wp\/v2\/users\/1"}],"replies":[{"embeddable":true,"href":"https:\/\/cerlalc.org\/pt-br\/wp-json\/wp\/v2\/comments?post=8089"}],"version-history":[{"count":0,"href":"https:\/\/cerlalc.org\/pt-br\/wp-json\/wp\/v2\/posts\/8089\/revisions"}],"wp:attachment":[{"href":"https:\/\/cerlalc.org\/pt-br\/wp-json\/wp\/v2\/media?parent=8089"}],"wp:term":[{"taxonomy":"category","embeddable":true,"href":"https:\/\/cerlalc.org\/pt-br\/wp-json\/wp\/v2\/categories?post=8089"},{"taxonomy":"post_tag","embeddable":true,"href":"https:\/\/cerlalc.org\/pt-br\/wp-json\/wp\/v2\/tags?post=8089"},{"taxonomy":"areas","embeddable":true,"href":"https:\/\/cerlalc.org\/pt-br\/wp-json\/wp\/v2\/areas?post=8089"},{"taxonomy":"countries","embeddable":true,"href":"https:\/\/cerlalc.org\/pt-br\/wp-json\/wp\/v2\/countries?post=8089"},{"taxonomy":"programas","embeddable":true,"href":"https:\/\/cerlalc.org\/pt-br\/wp-json\/wp\/v2\/programas?post=8089"},{"taxonomy":"author","embeddable":true,"href":"https:\/\/cerlalc.org\/pt-br\/wp-json\/wp\/v2\/coauthors?post=8089"}],"curies":[{"name":"wp","href":"https:\/\/api.w.org\/{rel}","templated":true}]}}