{"id":8130,"date":"2017-11-28T00:00:00","date_gmt":"2017-11-28T00:00:00","guid":{"rendered":"https:\/\/cerlalc.org\/marina-colasanti-ganadora-del-premio-iberoamericano-sm-de-literatura-infantil-y-juvenil-3\/"},"modified":"2017-11-28T00:00:00","modified_gmt":"2017-11-28T00:00:00","slug":"marina-colasanti-ganadora-del-premio-iberoamericano-sm-de-literatura-infantil-y-juvenil-3","status":"publish","type":"post","link":"https:\/\/cerlalc.org\/pt-br\/marina-colasanti-ganadora-del-premio-iberoamericano-sm-de-literatura-infantil-y-juvenil-3\/","title":{"rendered":"Marina Colasanti, ganadora del Premio Iberoamericano SM de Literatura Infantil y Juvenil"},"content":{"rendered":"<p>El Premio Iberoamericano SM de Literatura Infantil y Juvenil, otorgado anualmente por la Fundaci\u00f3n SM, cuenta con el apoyo de cuatro instituciones culturales internacionales: UNESCO, IBBY, OEI y el CERLALC. Este premio, que se entrega en reconocimiento a la trayectoria de los autores iberoamericano consagrados en la literatura para ni\u00f1os y j\u00f3venes, es uno de los m\u00e1s importantes en el campo infantil en Iberoam\u00e9rica. Cerlalc apoya el premio seleccionando uno de los jurados.<br \/>\nColasanti, autora de unos 70 libros publicados en Brasil y el exterior, varios de ellos traducidos al espa\u00f1ol, consider\u00f3 que los mayores retos de escribir para un p\u00fablico infantil y juvenil \u201cest\u00e1n en cada palabra, en las ideas y en la manera de presentarlas, el arte es un reto constante y la literatura es el arte de la palabra\u201d.<br \/>\n\u201cNo intento ir en b\u00fasqueda de lo que quieren leer los lectores, sino escribir lo que quiero y desear que ojal\u00e1 les guste, no voy buscando lo que quieren leer, porque cuando les da uno a los ni\u00f1os lo que ellos quieren, es verdad que no les das nada, tan s\u00f3lo distracci\u00f3n y diversi\u00f3n, pero no es mi tarea divertir, mi tarea es emocionar, hacer pensar y abrir interrogantes\u201d.<br \/>\nPor su parte, Selene Tinco Flores, representante del Cerlalc en el jurado, destac\u00f3 el trabajo de la autora por la calidad literaria de su obra, expresada en el rico lenguaje po\u00e9tico, el elogio a la fantas\u00eda y el uso y dominio de lo simb\u00f3lico, la relectura valorativa del cuento de hadas y la construcci\u00f3n de personajes profundos, bien consolidados y con un gran mundo interior.<br \/>\nResalt\u00f3 que la narradora y poeta obtuvo este premio por la universalidad de su obra, \u201csu tr\u00e1nsito y dominio en diversos g\u00e9neros literarios, y su inminente trayectoria como impulsora y defensora de los espacios propios de la literatura infantil y juvenil en Iberoam\u00e9rica, as\u00ed como su constante aportaci\u00f3n a la formaci\u00f3n de lectores\u201d.<\/p>\n","protected":false},"excerpt":{"rendered":"<p>El Premio Iberoamericano SM de Literatura Infantil y Juvenil fue otorgado a Marina Colasanti.<\/p>\n","protected":false},"author":60,"featured_media":7411,"comment_status":"open","ping_status":"open","sticky":false,"template":"","format":"standard","meta":{"_seopress_robots_primary_cat":""},"categories":[2464,2479],"tags":[2520,2466,2485],"areas":[],"countries":[],"programas":[],"coauthors":[2232],"_links":{"self":[{"href":"https:\/\/cerlalc.org\/pt-br\/wp-json\/wp\/v2\/posts\/8130"}],"collection":[{"href":"https:\/\/cerlalc.org\/pt-br\/wp-json\/wp\/v2\/posts"}],"about":[{"href":"https:\/\/cerlalc.org\/pt-br\/wp-json\/wp\/v2\/types\/post"}],"author":[{"embeddable":true,"href":"https:\/\/cerlalc.org\/pt-br\/wp-json\/wp\/v2\/users\/60"}],"replies":[{"embeddable":true,"href":"https:\/\/cerlalc.org\/pt-br\/wp-json\/wp\/v2\/comments?post=8130"}],"version-history":[{"count":0,"href":"https:\/\/cerlalc.org\/pt-br\/wp-json\/wp\/v2\/posts\/8130\/revisions"}],"wp:featuredmedia":[{"embeddable":true,"href":"https:\/\/cerlalc.org\/pt-br\/wp-json\/wp\/v2\/media\/7411"}],"wp:attachment":[{"href":"https:\/\/cerlalc.org\/pt-br\/wp-json\/wp\/v2\/media?parent=8130"}],"wp:term":[{"taxonomy":"category","embeddable":true,"href":"https:\/\/cerlalc.org\/pt-br\/wp-json\/wp\/v2\/categories?post=8130"},{"taxonomy":"post_tag","embeddable":true,"href":"https:\/\/cerlalc.org\/pt-br\/wp-json\/wp\/v2\/tags?post=8130"},{"taxonomy":"areas","embeddable":true,"href":"https:\/\/cerlalc.org\/pt-br\/wp-json\/wp\/v2\/areas?post=8130"},{"taxonomy":"countries","embeddable":true,"href":"https:\/\/cerlalc.org\/pt-br\/wp-json\/wp\/v2\/countries?post=8130"},{"taxonomy":"programas","embeddable":true,"href":"https:\/\/cerlalc.org\/pt-br\/wp-json\/wp\/v2\/programas?post=8130"},{"taxonomy":"author","embeddable":true,"href":"https:\/\/cerlalc.org\/pt-br\/wp-json\/wp\/v2\/coauthors?post=8130"}],"curies":[{"name":"wp","href":"https:\/\/api.w.org\/{rel}","templated":true}]}}