{"id":8141,"date":"2017-11-21T11:23:05","date_gmt":"2017-11-21T11:23:05","guid":{"rendered":"https:\/\/cerlalc.org\/cerlalc-hara-plataforma-virtual-con-el-catalogo-de-libros-en-espanol-para-ciegos\/"},"modified":"2017-11-21T11:23:05","modified_gmt":"2017-11-21T11:23:05","slug":"cerlalc-hara-plataforma-virtual-con-el-catalogo-de-libros-en-espanol-para-ciegos","status":"publish","type":"post","link":"https:\/\/cerlalc.org\/pt-br\/cerlalc-hara-plataforma-virtual-con-el-catalogo-de-libros-en-espanol-para-ciegos\/","title":{"rendered":"Cerlalc har\u00e1 plataforma virtual con el cat\u00e1logo de libros en espa\u00f1ol para ciegos"},"content":{"rendered":"<p>Cerlalc est\u00e1 trabajando en un convenio de colaboraci\u00f3n con la Uni\u00f3n Latinoamericana de Ciegos (ULAC) y la Organizaci\u00f3n Nacional de Ciegos Espa\u00f1oles (Once) para crear una plataforma digital que aloje el cat\u00e1logo de libros transcritos al braille en Iberoam\u00e9rica. El proyecto, adem\u00e1s de recopilar informaci\u00f3n sobre los libros en formatos de acceso para personas con discapacidades visuales, facilitar\u00e1 a las personas y organizaciones la b\u00fasqueda de textos en braille para reproducir, fomentando as\u00ed la circulaci\u00f3n.<\/p>\n<p>Una persona interesada en encontrar un libro en formato braille podr\u00e1 consultar el cat\u00e1logo y encontrar informaci\u00f3n por tem\u00e1tica. Cada t\u00edtulo transcrito tendr\u00e1 un abstract, detalles de la edici\u00f3n y la entidad encargada. El cat\u00e1logo centralizar\u00e1 los datos y facilitar\u00e1 el contacto entre transcriptores e interesados de diferentes pa\u00edses.<\/p>\n<p>El Centro, junto a ULAC y Once, crear\u00e1 un diagn\u00f3stico para conocer las capacidades de producci\u00f3n de libros en formato braille y daisy de cada pa\u00eds y publicar\u00e1 documentos con est\u00e1ndares m\u00ednimos para la adaptaci\u00f3n de obras a formatos m\u00e1s accesibles. El proyecto, que estar\u00e1 listo en el segundo semestre de 2019,  apoyar\u00e1 la creaci\u00f3n de pol\u00edticas p\u00fablicas que consulten y tengan en cuenta a personas en condici\u00f3n de discapacidad visual.<\/p>\n<p>Las tres entidades desarrollar\u00e1n actividades que faciliten la aplicaci\u00f3n de las medidas definidas en el Tratado de Marrakech, la Convenci\u00f3n sobre los Derechos de las Personas con Discapacidad (CDPD) y el Comit\u00e9 para la Eliminaci\u00f3n de todas las formas de Discriminaci\u00f3n contra las Personas con Discapacidad (CEDDIS).<\/p>\n<p>Fotograf\u00eda con licencia Creative Commons, extra\u00edda de Flickr de la cuenta de Jason Pearce<\/p>\n","protected":false},"excerpt":{"rendered":"<p>Cerlalc est\u00e1 trabajando en un convenio de colaboraci\u00f3n con la Uni\u00f3n Latinoamericana de Ciegos (ULAC) y la Organizaci\u00f3n Nacional de Ciegos Espa\u00f1oles (Once) para crear una plataforma digital que aloje el cat\u00e1logo de libros transcritos al braille en Iberoam\u00e9rica.<\/p>\n","protected":false},"author":1,"featured_media":0,"comment_status":"open","ping_status":"open","sticky":false,"template":"","format":"standard","meta":{"_seopress_robots_primary_cat":""},"categories":[2464],"tags":[2532],"areas":[],"countries":[],"programas":[],"coauthors":[],"_links":{"self":[{"href":"https:\/\/cerlalc.org\/pt-br\/wp-json\/wp\/v2\/posts\/8141"}],"collection":[{"href":"https:\/\/cerlalc.org\/pt-br\/wp-json\/wp\/v2\/posts"}],"about":[{"href":"https:\/\/cerlalc.org\/pt-br\/wp-json\/wp\/v2\/types\/post"}],"author":[{"embeddable":true,"href":"https:\/\/cerlalc.org\/pt-br\/wp-json\/wp\/v2\/users\/1"}],"replies":[{"embeddable":true,"href":"https:\/\/cerlalc.org\/pt-br\/wp-json\/wp\/v2\/comments?post=8141"}],"version-history":[{"count":0,"href":"https:\/\/cerlalc.org\/pt-br\/wp-json\/wp\/v2\/posts\/8141\/revisions"}],"wp:attachment":[{"href":"https:\/\/cerlalc.org\/pt-br\/wp-json\/wp\/v2\/media?parent=8141"}],"wp:term":[{"taxonomy":"category","embeddable":true,"href":"https:\/\/cerlalc.org\/pt-br\/wp-json\/wp\/v2\/categories?post=8141"},{"taxonomy":"post_tag","embeddable":true,"href":"https:\/\/cerlalc.org\/pt-br\/wp-json\/wp\/v2\/tags?post=8141"},{"taxonomy":"areas","embeddable":true,"href":"https:\/\/cerlalc.org\/pt-br\/wp-json\/wp\/v2\/areas?post=8141"},{"taxonomy":"countries","embeddable":true,"href":"https:\/\/cerlalc.org\/pt-br\/wp-json\/wp\/v2\/countries?post=8141"},{"taxonomy":"programas","embeddable":true,"href":"https:\/\/cerlalc.org\/pt-br\/wp-json\/wp\/v2\/programas?post=8141"},{"taxonomy":"author","embeddable":true,"href":"https:\/\/cerlalc.org\/pt-br\/wp-json\/wp\/v2\/coauthors?post=8141"}],"curies":[{"name":"wp","href":"https:\/\/api.w.org\/{rel}","templated":true}]}}