{"id":8156,"date":"2017-11-01T15:58:54","date_gmt":"2017-11-01T15:58:54","guid":{"rendered":"https:\/\/cerlalc.org\/feria-del-libro-de-santiago\/"},"modified":"2017-11-01T15:58:54","modified_gmt":"2017-11-01T15:58:54","slug":"feria-del-libro-de-santiago","status":"publish","type":"post","link":"https:\/\/cerlalc.org\/pt-br\/feria-del-libro-de-santiago\/","title":{"rendered":"Feria del libro de Santiago"},"content":{"rendered":"<p>La versi\u00f3n n\u00famero 37 de la Feria Internacional del Libro de Santiago, FILSA, se realiza desde el 26 de octubre hasta el 12 de noviembre. La feria, que busca promover la difusi\u00f3n del libro, fomentar la lectura e impulsar la libre circulaci\u00f3n de ideas, tendr\u00e1 a Italia como  pa\u00eds Invitado de Honor.<\/p>\n<p>La programaci\u00f3n completa en este enlace: https:\/\/camaradellibro.cl\/ferias\/filsa\/filsa-2017\/<\/p>\n","protected":false},"excerpt":{"rendered":"<p>La feria, que busca promover la difusi\u00f3n del libro, fomentar la lectura e impulsar la libre circulaci\u00f3n de ideas, tendr\u00e1 a Italia como \u00a0pa\u00eds Invitado de Honor.<\/p>\n","protected":false},"author":1,"featured_media":0,"comment_status":"open","ping_status":"open","sticky":false,"template":"","format":"standard","meta":{"_seopress_robots_primary_cat":""},"categories":[2464],"tags":[2486],"areas":[],"countries":[],"programas":[],"coauthors":[],"_links":{"self":[{"href":"https:\/\/cerlalc.org\/pt-br\/wp-json\/wp\/v2\/posts\/8156"}],"collection":[{"href":"https:\/\/cerlalc.org\/pt-br\/wp-json\/wp\/v2\/posts"}],"about":[{"href":"https:\/\/cerlalc.org\/pt-br\/wp-json\/wp\/v2\/types\/post"}],"author":[{"embeddable":true,"href":"https:\/\/cerlalc.org\/pt-br\/wp-json\/wp\/v2\/users\/1"}],"replies":[{"embeddable":true,"href":"https:\/\/cerlalc.org\/pt-br\/wp-json\/wp\/v2\/comments?post=8156"}],"version-history":[{"count":0,"href":"https:\/\/cerlalc.org\/pt-br\/wp-json\/wp\/v2\/posts\/8156\/revisions"}],"wp:attachment":[{"href":"https:\/\/cerlalc.org\/pt-br\/wp-json\/wp\/v2\/media?parent=8156"}],"wp:term":[{"taxonomy":"category","embeddable":true,"href":"https:\/\/cerlalc.org\/pt-br\/wp-json\/wp\/v2\/categories?post=8156"},{"taxonomy":"post_tag","embeddable":true,"href":"https:\/\/cerlalc.org\/pt-br\/wp-json\/wp\/v2\/tags?post=8156"},{"taxonomy":"areas","embeddable":true,"href":"https:\/\/cerlalc.org\/pt-br\/wp-json\/wp\/v2\/areas?post=8156"},{"taxonomy":"countries","embeddable":true,"href":"https:\/\/cerlalc.org\/pt-br\/wp-json\/wp\/v2\/countries?post=8156"},{"taxonomy":"programas","embeddable":true,"href":"https:\/\/cerlalc.org\/pt-br\/wp-json\/wp\/v2\/programas?post=8156"},{"taxonomy":"author","embeddable":true,"href":"https:\/\/cerlalc.org\/pt-br\/wp-json\/wp\/v2\/coauthors?post=8156"}],"curies":[{"name":"wp","href":"https:\/\/api.w.org\/{rel}","templated":true}]}}