{"id":8182,"date":"2017-10-06T13:24:52","date_gmt":"2017-10-06T13:24:52","guid":{"rendered":"https:\/\/cerlalc.org\/panoramica-de-la-edicion-espanola-de-libros\/"},"modified":"2017-10-06T13:24:52","modified_gmt":"2017-10-06T13:24:52","slug":"panoramica-de-la-edicion-espanola-de-libros","status":"publish","type":"post","link":"https:\/\/cerlalc.org\/pt-br\/panoramica-de-la-edicion-espanola-de-libros\/","title":{"rendered":"Panor\u00e1mica de la edici\u00f3n Espa\u00f1ola de Libros"},"content":{"rendered":"<p>El Ministerio de Educaci\u00f3n, Cultura y Deporte de Espa\u00f1a public\u00f3 una nueva edici\u00f3n de la Panor\u00e1mica de la Edici\u00f3n Espa\u00f1ola de Libros, en la que se muestran los datos de producci\u00f3n editorial de 2016. Este informe estudia diferentes indicadores relevantes para la edici\u00f3n y realiza un comparativo de cifras desde 1988. Si te interesa conocer el comportamiento del sector editorial de Espa\u00f1a, haz clic en el siguiente enlace y descarga el Pdf de manera gratuita.<\/p>\n<p>http:\/\/cerlalc.org\/es\/producto\/panoramica-de-la-edicion-espanola-de-libros-2016\/<\/p>\n","protected":false},"excerpt":{"rendered":"<p>El Ministerio de Educaci\u00f3n, Cultura y Deporte de Espa\u00f1a public\u00f3 una nueva edici\u00f3n de la\u00a0Panor\u00e1mica de la Edici\u00f3n Espa\u00f1ola de Libros, en la que se muestran los datos de producci\u00f3n editorial de 2016<\/p>\n","protected":false},"author":1,"featured_media":0,"comment_status":"open","ping_status":"open","sticky":false,"template":"","format":"standard","meta":{"_seopress_robots_primary_cat":""},"categories":[2464],"tags":[2496,2483,2535],"areas":[],"countries":[],"programas":[],"coauthors":[],"_links":{"self":[{"href":"https:\/\/cerlalc.org\/pt-br\/wp-json\/wp\/v2\/posts\/8182"}],"collection":[{"href":"https:\/\/cerlalc.org\/pt-br\/wp-json\/wp\/v2\/posts"}],"about":[{"href":"https:\/\/cerlalc.org\/pt-br\/wp-json\/wp\/v2\/types\/post"}],"author":[{"embeddable":true,"href":"https:\/\/cerlalc.org\/pt-br\/wp-json\/wp\/v2\/users\/1"}],"replies":[{"embeddable":true,"href":"https:\/\/cerlalc.org\/pt-br\/wp-json\/wp\/v2\/comments?post=8182"}],"version-history":[{"count":0,"href":"https:\/\/cerlalc.org\/pt-br\/wp-json\/wp\/v2\/posts\/8182\/revisions"}],"wp:attachment":[{"href":"https:\/\/cerlalc.org\/pt-br\/wp-json\/wp\/v2\/media?parent=8182"}],"wp:term":[{"taxonomy":"category","embeddable":true,"href":"https:\/\/cerlalc.org\/pt-br\/wp-json\/wp\/v2\/categories?post=8182"},{"taxonomy":"post_tag","embeddable":true,"href":"https:\/\/cerlalc.org\/pt-br\/wp-json\/wp\/v2\/tags?post=8182"},{"taxonomy":"areas","embeddable":true,"href":"https:\/\/cerlalc.org\/pt-br\/wp-json\/wp\/v2\/areas?post=8182"},{"taxonomy":"countries","embeddable":true,"href":"https:\/\/cerlalc.org\/pt-br\/wp-json\/wp\/v2\/countries?post=8182"},{"taxonomy":"programas","embeddable":true,"href":"https:\/\/cerlalc.org\/pt-br\/wp-json\/wp\/v2\/programas?post=8182"},{"taxonomy":"author","embeddable":true,"href":"https:\/\/cerlalc.org\/pt-br\/wp-json\/wp\/v2\/coauthors?post=8182"}],"curies":[{"name":"wp","href":"https:\/\/api.w.org\/{rel}","templated":true}]}}