{"id":8233,"date":"2017-08-29T16:11:27","date_gmt":"2017-08-29T16:11:27","guid":{"rendered":"https:\/\/cerlalc.org\/la-ifla-lanza-el-primer-mapa-de-bibliotecas-del-mundo\/"},"modified":"2017-08-29T16:11:27","modified_gmt":"2017-08-29T16:11:27","slug":"la-ifla-lanza-el-primer-mapa-de-bibliotecas-del-mundo","status":"publish","type":"post","link":"https:\/\/cerlalc.org\/pt-br\/la-ifla-lanza-el-primer-mapa-de-bibliotecas-del-mundo\/","title":{"rendered":"La IFLA lanza el primer Mapa de Bibliotecas del mundo"},"content":{"rendered":"<p>\u00bfCu\u00e1ntas bibliotecas p\u00fablicas tienen conexi\u00f3n a internet? \u00bfCu\u00e1l es el porcentaje de prestamos de libros electr\u00f3nicos en Latinoam\u00e9rica? Ante la necesidad de acceder a un sistema de datos actualizado sobre el panorama bibliotecario del mundo la Federaci\u00f3n Internacional de Asociaciones de Bibliotecarios y Bibliotecas, IFLA, ha lanzado el Library Map of the World, una plataforma interactiva en forma de mapa con informaci\u00f3n actualizada de m\u00e1s de 70 pa\u00edses de todo el mundo.<\/p>\n<p>Con el Library Map of the World sabemos que Am\u00e9rica Latina y el Caribe es la tercera regi\u00f3n con m\u00e1s n\u00famero de bibliotecas y la segunda regi\u00f3n que m\u00e1s libros electr\u00f3nicos presta. Desde usuarios registrados, voluntarios hasta visitas f\u00edsicas, el mapa (que se puede visitar aqu\u00ed) contiene datos cuantitativos y cualitativos del sistema de bibliotecas del mundo.<\/p>\n<p>Esta iniciativa de IFLA, naci\u00f3 de la urgencia de recopilar y compartir informaci\u00f3n b\u00e1sica de bibliotecas en todo el mundo. Durante todo el 2017 la Federaci\u00f3n ha trabajado con asociaciones de bibliotecas nacionales, acad\u00e9micas, p\u00fablicas, comunitarias y escolares para recopilar y estandarizar datos. Hasta octubre del 2017 se estar\u00e1n recopilando datos de bibliotecas, fecha en la que la federaci\u00f3n empezar\u00e1 a analizar los datos.<\/p>\n<p>La Federaci\u00f3n Internacional de Asociaciones de Bibliotecarios y Bibliotecas (IFLA) es el principal organismo internacional que representa los intereses de los usuarios, de los servicios bibliotecarios y de documentaci\u00f3n. Es el portavoz a nivel mundial de los profesionales de las bibliotecas y la documentaci\u00f3n.<\/p>\n","protected":false},"excerpt":{"rendered":"<p>Ante la necesidad de acceder a un sistema de datos actualizado sobre el panorama bibliotecario del mundo la\u00a0Federaci\u00f3n Internacional de Asociaciones de Bibliotecarios y Bibliotecas, IFLA,\u00a0ha lanzado el\u00a0Library Map of the World, una plataforma interactiva en forma de mapa con informaci\u00f3n actualizada de m\u00e1s de 70 pa\u00edses de todo el mundo.<\/p>\n","protected":false},"author":1,"featured_media":0,"comment_status":"open","ping_status":"open","sticky":false,"template":"","format":"standard","meta":{"_seopress_robots_primary_cat":""},"categories":[2464],"tags":[2478],"areas":[],"countries":[],"programas":[],"coauthors":[],"_links":{"self":[{"href":"https:\/\/cerlalc.org\/pt-br\/wp-json\/wp\/v2\/posts\/8233"}],"collection":[{"href":"https:\/\/cerlalc.org\/pt-br\/wp-json\/wp\/v2\/posts"}],"about":[{"href":"https:\/\/cerlalc.org\/pt-br\/wp-json\/wp\/v2\/types\/post"}],"author":[{"embeddable":true,"href":"https:\/\/cerlalc.org\/pt-br\/wp-json\/wp\/v2\/users\/1"}],"replies":[{"embeddable":true,"href":"https:\/\/cerlalc.org\/pt-br\/wp-json\/wp\/v2\/comments?post=8233"}],"version-history":[{"count":0,"href":"https:\/\/cerlalc.org\/pt-br\/wp-json\/wp\/v2\/posts\/8233\/revisions"}],"wp:attachment":[{"href":"https:\/\/cerlalc.org\/pt-br\/wp-json\/wp\/v2\/media?parent=8233"}],"wp:term":[{"taxonomy":"category","embeddable":true,"href":"https:\/\/cerlalc.org\/pt-br\/wp-json\/wp\/v2\/categories?post=8233"},{"taxonomy":"post_tag","embeddable":true,"href":"https:\/\/cerlalc.org\/pt-br\/wp-json\/wp\/v2\/tags?post=8233"},{"taxonomy":"areas","embeddable":true,"href":"https:\/\/cerlalc.org\/pt-br\/wp-json\/wp\/v2\/areas?post=8233"},{"taxonomy":"countries","embeddable":true,"href":"https:\/\/cerlalc.org\/pt-br\/wp-json\/wp\/v2\/countries?post=8233"},{"taxonomy":"programas","embeddable":true,"href":"https:\/\/cerlalc.org\/pt-br\/wp-json\/wp\/v2\/programas?post=8233"},{"taxonomy":"author","embeddable":true,"href":"https:\/\/cerlalc.org\/pt-br\/wp-json\/wp\/v2\/coauthors?post=8233"}],"curies":[{"name":"wp","href":"https:\/\/api.w.org\/{rel}","templated":true}]}}