{"id":8236,"date":"2017-08-22T16:38:29","date_gmt":"2017-08-22T16:38:29","guid":{"rendered":"https:\/\/cerlalc.org\/autosostenibilidad-y-open-access-para-las-editoriales-universitarias\/"},"modified":"2017-08-22T16:38:29","modified_gmt":"2017-08-22T16:38:29","slug":"autosostenibilidad-y-open-access-para-las-editoriales-universitarias","status":"publish","type":"post","link":"https:\/\/cerlalc.org\/pt-br\/autosostenibilidad-y-open-access-para-las-editoriales-universitarias\/","title":{"rendered":"Autosostenibilidad y Open Access para las editoriales Universitarias"},"content":{"rendered":"<p>El Cerlalc particip\u00f3 en las Jornadas Profesionales de la Feria Internacional del Libro de Panam\u00e1. Con la conferencia \u201cArmon\u00eda entre Proyectos Autosostenibles y Pol\u00edticas Open Access\u201d, el centro habl\u00f3 sobre las herramientas que tienen las editoriales para competir en el mercado desde el nicho universitario.<\/p>\n<p>La semana pasada, Fredy Forero, Director del Observatorio Iberoamericano de Derecho de Autor, represent\u00f3 al Cerlalc exponiendo los puntos esenciales a tener en cuenta para el dise\u00f1o de pol\u00edticas Open Acces. Forero enfatiz\u00f3 la importancia de dise\u00f1ar procesos de curadur\u00eda precisos que permitan clasificar entre contenidos para difusi\u00f3n gratuita y aquellos para el desarrollo de estrategias editoriales en el marco de proyectos autosostenibles o freemium. El Cerlalc tambi\u00e9n se encarg\u00f3 de brindar un taller de negociaci\u00f3n de contratos para editores en el que se llevaron a cabo ejercicios pr\u00e1cticos de dise\u00f1o de estrategias para la negociaci\u00f3n efectiva de derechos.<\/p>\n<p>El Cerlalc est\u00e1 convencido de que el posicionamiento del libro universitario ante la sociedad es lo que permitir\u00e1 que las instituciones de educaci\u00f3n superior de la regi\u00f3n se consoliden como l\u00edderes de producci\u00f3n intelectual en Iberoam\u00e9rica. Las Jornadas Profesionales de la Feria Internacional del libro de Panam\u00e1 se desarrollaron gracias al patrocinio de la C\u00e1mara Paname\u00f1a del Libro, Seduca y el Centro Regional para el Fomento del libro en Am\u00e9rica Latina y el Caribe, Cerlalc.<\/p>\n","protected":false},"excerpt":{"rendered":"<p>El Cerlalc particip\u00f3 en las Jornadas Profesionales de la\u00a0Feria Internacional del Libro de Panam\u00e1.<\/p>\n","protected":false},"author":1,"featured_media":0,"comment_status":"open","ping_status":"open","sticky":false,"template":"","format":"standard","meta":{"_seopress_robots_primary_cat":""},"categories":[2464],"tags":[2493,2486,2533],"areas":[],"countries":[],"programas":[],"coauthors":[],"_links":{"self":[{"href":"https:\/\/cerlalc.org\/pt-br\/wp-json\/wp\/v2\/posts\/8236"}],"collection":[{"href":"https:\/\/cerlalc.org\/pt-br\/wp-json\/wp\/v2\/posts"}],"about":[{"href":"https:\/\/cerlalc.org\/pt-br\/wp-json\/wp\/v2\/types\/post"}],"author":[{"embeddable":true,"href":"https:\/\/cerlalc.org\/pt-br\/wp-json\/wp\/v2\/users\/1"}],"replies":[{"embeddable":true,"href":"https:\/\/cerlalc.org\/pt-br\/wp-json\/wp\/v2\/comments?post=8236"}],"version-history":[{"count":0,"href":"https:\/\/cerlalc.org\/pt-br\/wp-json\/wp\/v2\/posts\/8236\/revisions"}],"wp:attachment":[{"href":"https:\/\/cerlalc.org\/pt-br\/wp-json\/wp\/v2\/media?parent=8236"}],"wp:term":[{"taxonomy":"category","embeddable":true,"href":"https:\/\/cerlalc.org\/pt-br\/wp-json\/wp\/v2\/categories?post=8236"},{"taxonomy":"post_tag","embeddable":true,"href":"https:\/\/cerlalc.org\/pt-br\/wp-json\/wp\/v2\/tags?post=8236"},{"taxonomy":"areas","embeddable":true,"href":"https:\/\/cerlalc.org\/pt-br\/wp-json\/wp\/v2\/areas?post=8236"},{"taxonomy":"countries","embeddable":true,"href":"https:\/\/cerlalc.org\/pt-br\/wp-json\/wp\/v2\/countries?post=8236"},{"taxonomy":"programas","embeddable":true,"href":"https:\/\/cerlalc.org\/pt-br\/wp-json\/wp\/v2\/programas?post=8236"},{"taxonomy":"author","embeddable":true,"href":"https:\/\/cerlalc.org\/pt-br\/wp-json\/wp\/v2\/coauthors?post=8236"}],"curies":[{"name":"wp","href":"https:\/\/api.w.org\/{rel}","templated":true}]}}