{"id":8242,"date":"2017-08-10T13:30:36","date_gmt":"2017-08-10T13:30:36","guid":{"rendered":"https:\/\/cerlalc.org\/colombia-pais-invitado-de-honor-a-la-feria-del-libro-de-panama\/"},"modified":"2017-08-10T13:30:36","modified_gmt":"2017-08-10T13:30:36","slug":"colombia-pais-invitado-de-honor-a-la-feria-del-libro-de-panama","status":"publish","type":"post","link":"https:\/\/cerlalc.org\/pt-br\/colombia-pais-invitado-de-honor-a-la-feria-del-libro-de-panama\/","title":{"rendered":"Colombia, pa\u00eds invitado de honor a la Feria del Libro de Panam\u00e1"},"content":{"rendered":"<p>Del 15 al 20 de agosto, en Ciudad de Panam\u00e1, se har\u00e1 la XIII Feria Internacional del Libro de Panam\u00e1. Colombia, como pa\u00eds invitado de honor, asiste con una amplia delegaci\u00f3n de autores y tres espacios en la feria, incluido un estand infantil.<\/p>\n<p>La inauguraci\u00f3n de la fiesta literaria en Panam\u00e1 se llevar\u00e1 a cabo con \u2018Fonseca Sinf\u00f3nico\u2019, una presentaci\u00f3n del cantante bogotano con la Orquesta Sinf\u00f3nica Nacional de Colombia, un formato que ha sido ganador del Grammy Latino. La delegaci\u00f3n oficial colombiana estar\u00e1 compuesta por 14 representantes de diversos g\u00e9neros: narradores, poetas, periodistas y autores para ni\u00f1os y j\u00f3venes, que en los seis d\u00edas de la feria realizar\u00e1n distintas actividades de promoci\u00f3n y fomento de la lectura. Entre los escritores colombianos que asistir\u00e1n se encuentran autores de la talla de William Ospina, Evelio Rosero, Piedad Bonnet y Jorge Franco.<\/p>\n<p>La Feria del Libro de Panam\u00e1 es un evento organizado anualmente por la C\u00e1mara Paname\u00f1a del Libro y se ha convertido en uno de los encuentros culturales m\u00e1s importantes del pa\u00eds, con una asistencia de 100.000 visitantes en su \u00faltima edici\u00f3n.<\/p>\n<p>Para la ministra de Cultura, Mariana Garc\u00e9s, hacer de Colombia un pa\u00eds de lectores ha sido uno retos m\u00e1s importantes durante su gesti\u00f3n. Para lograrlo, se cre\u00f3 el Plan Nacional de Lectura y Escritura \u2018Leer es mi Cuento\u2019 con el cual se han entregado, con dotaci\u00f3n de libros y conectividad, 179 bibliotecas m\u00e1s en los municipios m\u00e1s apartados y golpeados por la violencia. \u201cCompartimos todos estos logros con el  p\u00fablico paname\u00f1o, con la esperanza de que la lectura y la escritura sean una v\u00eda de encuentro y comuni\u00f3n entre los dos pa\u00edses, as\u00ed como una herramienta fundamental para la construcci\u00f3n de paz\u201d.<\/p>\n<p>Colombia contar\u00e1 con tres espacios en la Feria. Un estand en el cual funcionar\u00e1 una librer\u00eda en la que los visitantes podr\u00e1n encontrar m\u00e1s de 1.000 t\u00edtulos de la producci\u00f3n nacional; un espacio de lectura, en el Pabell\u00f3n Infantil, con actividades permanentes de animaci\u00f3n a la lectura para los ni\u00f1os y j\u00f3venes que visiten la feria; y una exposici\u00f3n, \u201cNereo y el r\u00edo de nuestra vida\u201d, una muestra fotogr\u00e1fica de los viajes realizados por Nereo L\u00f3pez, uno de los fotorreportero m\u00e1s destacados del siglo XX en Colombia,  a trav\u00e9s del r\u00edo Magdalena. El estand de exhibici\u00f3n de libros estar\u00e1 a cargo de la Asociaci\u00f3n Colombiana de Libreros Independientes, Acli.<\/p>\n<p>La presencia de Colombia en la Feria de Panam\u00e1 ser\u00e1 posible gracias a la gesti\u00f3n del Ministerio de Cultura, el Ministerio de Relaciones Exteriores de Colombia, la Embajada de Colombia en Panam\u00e1, la C\u00e1mara Colombiana del Libro, el Instituto Distrital de las Artes \u2013Idartes- y la C\u00e1mara Paname\u00f1a del Libro.<\/p>\n<p>De acuerdo con Evelio Rosero, uno de los escritores invitados a la Feria, el intercambio de obras en estos espacios es definitivo para un escritor, por lo que considera que la participaci\u00f3n de Colombia como pa\u00eds invitado es fundamental para el sector cultural y merece toda la importancia. \u201cEs una oportunidad para Colombia mostrar su producci\u00f3n literaria, no solamente la consolidada, sino sobre todo la joven literatura, lo nuevo, lo que apenas est\u00e1 iniciando. De ah\u00ed que la participaci\u00f3n como pa\u00eds invitado nos hace doblemente responsables a todos, escritores y organizadores, para llevar al pa\u00eds vecino lo mejor del arte literario colombiano\u201d, sostuvo.<\/p>\n<p>Por su parte, Nelson Romero, Premio Nacional de Poes\u00eda 2015 del Ministerio de Cultura, asegura que es muy importante que a Colombia se le mire por fuera y se reconozca por el enorme potencial cultural que posee y por lo que sus escritores representan para las letras en Latinoam\u00e9rica y en otras partes del mundo. \u201cEn este momento hist\u00f3rico, a partir del reciente acuerdo de paz con las Farc, lo que instituciones como el Ministerio de Cultura est\u00e1n realizando y deben continuar haciendo, es demostrar al mundo, que nuestra cultura, nuestros escritores, nuestras tradiciones y todas nuestras manifestaciones art\u00edsticas son un escenario de paz,  a trav\u00e9s del cual estamos dialogando en forma permanente con el hombre, sus circunstancias y entornos\u201d, dijo.<\/p>\n<p>Los invitados<br \/>\nLos novelistas Jorge Franco, Piedad Bonnet, William Ospina, Octavio Escobar, Evelio Rosero, Luis Noriega, Megan Melo y los poetas Nelson Romero y Horacio Benavides. Los autores que encabezan la lista de literatura infantil y juvenil incluyen a Irene Vasco, Pilar Lozano, Amalia Low y Sindy Elefante. Jaime Abello Banfi, director de la FNPI, participar\u00e1 en una mesa sobre Gabriel Garc\u00eda M\u00e1rquez.<\/p>\n<p>Adem\u00e1s, invitados por otras instituciones, estar\u00e1n la historiadora Diana Uribe, el periodista Dar\u00edo Arizmendi, y la ilustradora Amalia Andrade.<\/p>\n<p>Como parte de la programaci\u00f3n acad\u00e9mica de la Feria, se realiza el 35 Congreso de Promoci\u00f3n de Lectura que en esta oportunidad contar\u00e1 con la presencia de tres especialistas de la Biblioteca Nacional de Colombia, quienes realizar\u00e1n conferencias y talleres sobre la importancia de las bibliotecas p\u00fablicas como escenarios de paz y de construcci\u00f3n de tejido social y las nuevas tecnolog\u00edas para la conservaci\u00f3n de patrimonio.<\/p>\n<p>Siete a\u00f1os de presencia internacional<br \/>\nDurante el Gobierno del Presidente Juan Manuel Santos, la participaci\u00f3n de Colombia en las Ferias de Libro internacionales ha sido destacable. Para citar alguna de estas, en 2013, Colombia fue el pa\u00eds invitado de honor del 15\u00b0 Sal\u00f3n del Libro Infantil y Juvenil de R\u00edo de Janeiro, una participaci\u00f3n que estuvo compuesta por una delegaci\u00f3n de 11 autores e ilustradores nacionales y la exhibici\u00f3n de cerca de 450 t\u00edtulos de literatura infantil y juvenil que finalmente fue donada a la biblioteca de la Fundaci\u00f3n Nacional del Libro Infantil y Juvenil de Brasil como agradecimiento a la invitaci\u00f3n al Sal\u00f3n.<\/p>\n<p>Para noviembre de 2014, Colombia estuvo como invitado de honor de la 34 Feria Internacional del Libro de Oaxaca, en M\u00e9xico, evento en el cual se realiz\u00f3 un recorrido por la palabra que buscaba honrar la memoria de Gabriel Garc\u00eda M\u00e1rquez y \u00c1lvaro Mutis y que cont\u00f3 con la participaci\u00f3n del fot\u00f3grafo Nereo L\u00f3pez y el destacado escritor e ilustrador Ivar Da Coll, reconocido con el Premio Iberoamericano SM de Literatura Infantil y Juvenil.<br \/>\nEn este mismo a\u00f1o, el pa\u00eds particip\u00f3 en la Feria del Libro de Frankfurt con \u2018Libros para la paz\u2019, con un recorrido de m\u00e1s de 200 t\u00edtulos desde 1920 que daba cuenta de las diferentes maneras en que las letras han buscado entender la realidad del pa\u00eds. Tambi\u00e9n estuvo presente en la Feria del Libro de Bolonia.<\/p>\n<p>A Paris tambi\u00e9n lleg\u00f3 la delegaci\u00f3n cultural del pa\u00eds, a cargo de Luc\u00eda Estrada, Melba Escobar y Florence Thomas quienes, con el apoyo del Ministerio de Cultura y la C\u00e1mara Colombiana del Libro, participaron en el Sal\u00f3n del Libro de Par\u00eds.<\/p>\n<p>En 2015, Colombia volvi\u00f3 a M\u00e9xico para participar en la 29 Feria Internacional del Libro de Guadalajara con la participaci\u00f3n de cuatro autores colombianos de diferentes ciudades del pa\u00eds, entre las cuales estuvieron Margarita Garc\u00eda Robayo, Juan C\u00e1rdenas, Juan \u00c1lvarez y Nelson Romero. As\u00ed mismo estuvo presente en la Feria Internacional del Libro de Frankfurt, en la Feria del Libro Infantil de Bolonia y en la Feria Internacional del Libro de Lima, evento en el cual el pa\u00eds cont\u00f3 por primera vez con un estand y particip\u00f3 con seis autores locales.<\/p>\n<p>Finalmente, en 2016, con la participaci\u00f3n de m\u00e1s de 30 escritores, representantes de danza, m\u00fasica y teatro, Colombia lleg\u00f3 a Lima como pa\u00eds invitado de honor en su la 21\u00aa versi\u00f3n de la Feria Internacional.<\/p>\n<p>Colombia, un pa\u00eds de lectores<br \/>\nEl Plan Nacional de Lectura y Escritura (Pnle) \u2018Leer es mi cuento\u2019 comenz\u00f3 en 2010 con el Gobierno del presidente Santos, con el fin de aumentar el \u00edndice de lectura de los colombianos de 1,9 a 3,2 libros le\u00eddos al a\u00f1o, proyecto en el que el Ministerio de Cultura  y el de Educaci\u00f3n vienen ejecutando con el fin de que la lectura se convierta en un ejercicio cotidiano que abra espacios de disfrute para los colombianos. MinCultura enfoca sus esfuerzos a la primera infancia y a las bibliotecas p\u00fablicas del pa\u00eds, mientras MinEducaci\u00f3n se ocupa de atender a las bibliotecas escolares.<\/p>\n<p>En la m\u00e1s reciente encuesta de consumo cultural del Dane, de 2016, se comprob\u00f3 que los esfuerzos por hacer de Colombia un pa\u00eds  lector est\u00e1n teniendo efectos. Los ni\u00f1os entre los 5 y 11 a\u00f1os leen hoy 3,2 libros al a\u00f1o. Esta es la primera vez que el Dane mide esta audiencia, en la que el Ministerio de Cultura enfoca especialmente sus acciones con la convicci\u00f3n de que es en la primera infancia donde se adquiere el h\u00e1bito de la lectura.<\/p>\n<p>Conozca aqu\u00ed toda la Programaci\u00f3n Colombia en Filpa.pdf<\/p>\n","protected":false},"excerpt":{"rendered":"<p>Del 15 al 20 de agosto, en Ciudad de Panam\u00e1, se har\u00e1 la XIII Feria Internacional del Libro de Panam\u00e1. Colombia, como pa\u00eds invitado de honor, asiste con una amplia delegaci\u00f3n de autores y tres espacios en la feria, incluido un estand infantil.<\/p>\n","protected":false},"author":1,"featured_media":0,"comment_status":"open","ping_status":"open","sticky":false,"template":"","format":"standard","meta":{"_seopress_robots_primary_cat":""},"categories":[2464],"tags":[2486,2466],"areas":[],"countries":[],"programas":[],"coauthors":[],"_links":{"self":[{"href":"https:\/\/cerlalc.org\/pt-br\/wp-json\/wp\/v2\/posts\/8242"}],"collection":[{"href":"https:\/\/cerlalc.org\/pt-br\/wp-json\/wp\/v2\/posts"}],"about":[{"href":"https:\/\/cerlalc.org\/pt-br\/wp-json\/wp\/v2\/types\/post"}],"author":[{"embeddable":true,"href":"https:\/\/cerlalc.org\/pt-br\/wp-json\/wp\/v2\/users\/1"}],"replies":[{"embeddable":true,"href":"https:\/\/cerlalc.org\/pt-br\/wp-json\/wp\/v2\/comments?post=8242"}],"version-history":[{"count":0,"href":"https:\/\/cerlalc.org\/pt-br\/wp-json\/wp\/v2\/posts\/8242\/revisions"}],"wp:attachment":[{"href":"https:\/\/cerlalc.org\/pt-br\/wp-json\/wp\/v2\/media?parent=8242"}],"wp:term":[{"taxonomy":"category","embeddable":true,"href":"https:\/\/cerlalc.org\/pt-br\/wp-json\/wp\/v2\/categories?post=8242"},{"taxonomy":"post_tag","embeddable":true,"href":"https:\/\/cerlalc.org\/pt-br\/wp-json\/wp\/v2\/tags?post=8242"},{"taxonomy":"areas","embeddable":true,"href":"https:\/\/cerlalc.org\/pt-br\/wp-json\/wp\/v2\/areas?post=8242"},{"taxonomy":"countries","embeddable":true,"href":"https:\/\/cerlalc.org\/pt-br\/wp-json\/wp\/v2\/countries?post=8242"},{"taxonomy":"programas","embeddable":true,"href":"https:\/\/cerlalc.org\/pt-br\/wp-json\/wp\/v2\/programas?post=8242"},{"taxonomy":"author","embeddable":true,"href":"https:\/\/cerlalc.org\/pt-br\/wp-json\/wp\/v2\/coauthors?post=8242"}],"curies":[{"name":"wp","href":"https:\/\/api.w.org\/{rel}","templated":true}]}}