{"id":8266,"date":"2017-07-19T06:00:26","date_gmt":"2017-07-19T06:00:26","guid":{"rendered":"https:\/\/cerlalc.org\/uruguay-lanza-nuevo-sistema-de-circulacion-cultural\/"},"modified":"2017-07-19T06:00:26","modified_gmt":"2017-07-19T06:00:26","slug":"uruguay-lanza-nuevo-sistema-de-circulacion-cultural","status":"publish","type":"post","link":"https:\/\/cerlalc.org\/pt-br\/uruguay-lanza-nuevo-sistema-de-circulacion-cultural\/","title":{"rendered":"Uruguay lanza nuevo Sistema de Circulaci\u00f3n Cultural"},"content":{"rendered":"<p>La Direcci\u00f3n Nacional de Cultura del Ministerio de Educaci\u00f3n y Cultura del Uruguay, junto a la Red de directores de Cultura de las intendencias departamentales, lanzaron el Sistema de Circulaci\u00f3n Cultural en el corredor tur\u00edstico de los P\u00e1jaros Pintados para asegurar la fluidez en el tr\u00e1nsito de bienes y productos culturales en el pa\u00eds.<\/p>\n<p>Este dise\u00f1o se trabaja desde el a\u00f1o pasado procurando la complementariedad de propuestas, el trabajo en red y la afirmaci\u00f3n de identidades locales y regionales para garantizar un mejor acceso a la cultura.<\/p>\n<p>El Ministerio de Turismo del Uruguay, por su parte, ha consolidado el corredor tur\u00edstico de los P\u00e1jaros Pintados (nombre que surge de la significaci\u00f3n en guaran\u00ed del nombre del r\u00edo Uruguay), con la riqueza natural y paisaj\u00edstica de los departamentos de Artigas, Salto, Paysand\u00fa, R\u00edo Negro y Soriano.<\/p>\n<p>La complementariedad entre ambas propuestas, permite incorporar a la oferta tur\u00edstica, que abarca un mill\u00f3n de personas contando ambas m\u00e1rgenes del r\u00edo, en los meses que van de agosto a octubre, una variada agenda que incluye teatro, m\u00fasica, literatura, artes visuales.<\/p>\n<p>El director de Cultura del Ministerio de Educaci\u00f3n y Cultura del Uruguay, Sergio Mautone, expuso sobre la propuesta, y se\u00f1al\u00f3 que se est\u00e1 intentando realizarla tambi\u00e9n en otras regiones del pa\u00eds. Expres\u00f3 que \u201ccuando hablamos de cultura, hablamos de desarrollo humano\u201d, lo que se traduce en \u201cafirmaci\u00f3n de la identidad del individuo y de la sociedad\u201d.<\/p>\n<p>Laura Canoura<\/p>\n<p>La cantautora Laura Canoura, presente en la mesa en representaci\u00f3n de los artistas, se\u00f1al\u00f3 que \u201cven\u00eda recorriendo el pa\u00eds desde hace a\u00f1os y notado que las condiciones hab\u00edan mejorado sensiblemente en la actualidad\u201d.<\/p>\n<p>En representaci\u00f3n de los directores de cultura de las intendencias departamentales, habl\u00f3 Estela Golovchenko, directora de Cultura de R\u00edo Negro, quien expres\u00f3 que al principio \u201cuno siente un poco de desconfianza por la cantidad de propuestas, pero despu\u00e9s se da cuenta que a mayor oferta, mayor demanda\u201d, y dijo que esperaba se diera un equilibrio y que los artistas del litoral pudieran ser vistos en Montevideo.<\/p>\n<p>Finalmente, la ministra de Educaci\u00f3n y Cultura, Mar\u00eda Julia Mu\u00f1oz se\u00f1al\u00f3 que \u201cla descentralizaci\u00f3n del pa\u00eds en su conjunto apuesta al desarrollo, de modo que las fronteras no sean m\u00e1s que aquellas que implican las necesidades del ciudadano\u201d.<\/p>\n<p>Programaci\u00f3n completa aqu\u00ed.<\/p>\n","protected":false},"excerpt":{"rendered":"<p>La Direcci\u00f3n Nacional de Cultura del Ministerio de Educaci\u00f3n y Cultura del Uruguay, junto a la Red de directores de Cultura de las intendencias departamentales, lanzaron el Sistema de Circulaci\u00f3n Cultural en el corredor tur\u00edstico de los\u00a0P\u00e1jaros Pintados\u00a0para asegurar la fluidez en el tr\u00e1nsito de bienes y productos culturales en el pa\u00eds.<\/p>\n","protected":false},"author":1,"featured_media":0,"comment_status":"open","ping_status":"open","sticky":false,"template":"","format":"standard","meta":{"_seopress_robots_primary_cat":""},"categories":[2464],"tags":[2496],"areas":[],"countries":[],"programas":[],"coauthors":[],"_links":{"self":[{"href":"https:\/\/cerlalc.org\/pt-br\/wp-json\/wp\/v2\/posts\/8266"}],"collection":[{"href":"https:\/\/cerlalc.org\/pt-br\/wp-json\/wp\/v2\/posts"}],"about":[{"href":"https:\/\/cerlalc.org\/pt-br\/wp-json\/wp\/v2\/types\/post"}],"author":[{"embeddable":true,"href":"https:\/\/cerlalc.org\/pt-br\/wp-json\/wp\/v2\/users\/1"}],"replies":[{"embeddable":true,"href":"https:\/\/cerlalc.org\/pt-br\/wp-json\/wp\/v2\/comments?post=8266"}],"version-history":[{"count":0,"href":"https:\/\/cerlalc.org\/pt-br\/wp-json\/wp\/v2\/posts\/8266\/revisions"}],"wp:attachment":[{"href":"https:\/\/cerlalc.org\/pt-br\/wp-json\/wp\/v2\/media?parent=8266"}],"wp:term":[{"taxonomy":"category","embeddable":true,"href":"https:\/\/cerlalc.org\/pt-br\/wp-json\/wp\/v2\/categories?post=8266"},{"taxonomy":"post_tag","embeddable":true,"href":"https:\/\/cerlalc.org\/pt-br\/wp-json\/wp\/v2\/tags?post=8266"},{"taxonomy":"areas","embeddable":true,"href":"https:\/\/cerlalc.org\/pt-br\/wp-json\/wp\/v2\/areas?post=8266"},{"taxonomy":"countries","embeddable":true,"href":"https:\/\/cerlalc.org\/pt-br\/wp-json\/wp\/v2\/countries?post=8266"},{"taxonomy":"programas","embeddable":true,"href":"https:\/\/cerlalc.org\/pt-br\/wp-json\/wp\/v2\/programas?post=8266"},{"taxonomy":"author","embeddable":true,"href":"https:\/\/cerlalc.org\/pt-br\/wp-json\/wp\/v2\/coauthors?post=8266"}],"curies":[{"name":"wp","href":"https:\/\/api.w.org\/{rel}","templated":true}]}}