{"id":8282,"date":"2017-07-11T17:45:04","date_gmt":"2017-07-11T17:45:04","guid":{"rendered":"https:\/\/cerlalc.org\/la-biblioteca-nacional-de-mexico-un-oasis-para-la-lectura\/"},"modified":"2017-07-11T17:45:04","modified_gmt":"2017-07-11T17:45:04","slug":"la-biblioteca-nacional-de-mexico-un-oasis-para-la-lectura","status":"publish","type":"post","link":"https:\/\/cerlalc.org\/pt-br\/la-biblioteca-nacional-de-mexico-un-oasis-para-la-lectura\/","title":{"rendered":"La Biblioteca Nacional de M\u00e9xico, un Oasis para la lectura"},"content":{"rendered":"<p>Con m\u00e1s de 950 mil materiales de lectura en su acervo, la Biblioteca de M\u00e9xico es uno de los recintos m\u00e1s importantes del pa\u00eds al atender a m\u00e1s de 600 mil usuarios cada a\u00f1o, no s\u00f3lo con servicios de pr\u00e9stamo interno de libros y archivo hemerogr\u00e1fico, sino tambi\u00e9n con una amplia oferta cultural.<\/p>\n<p>Son ya 71 a\u00f1os de historia de esta biblioteca que se asienta en lo que fuera la Real F\u00e1brica de Tabacos de la Nueva Espa\u00f1a, despu\u00e9s Parque General de Artiller\u00eda en el siglo XIX, conocido oficialmente como La Ciudadela, donde tuvo lugar La Decena Tr\u00e1gica, el cuartelazo de las fuerzas antimaderistas en 1913.<\/p>\n<p>Desde 1946, el inmueble de estilo neocl\u00e1sico y ornato sobrio, funge como la Biblioteca de M\u00e9xico que en un inicio tuvo 40 mil vol\u00famenes. Con el paso del tiempo su acervo ha crecido hasta llegar a 950 mil materiales distribuidos en la sala general, los fondos especiales, el Fondo M\u00e9xico, el Fondo Reservado y Hemeroteca Hist\u00f3rica.<\/p>\n<p>En 2012 el recinto fue reinaugurado luego de una remodelaci\u00f3n integral que incluy\u00f3 la creaci\u00f3n de las bibliotecas personales de Antonio Castro Leal, Al\u00ed Chumacero, Jaime Garc\u00eda Terr\u00e9s, Jos\u00e9 Luis Mart\u00ednez, y Carlos Monsiv\u00e1is; el Foro Polivalente Antonieta Rivas Mercado; la Sala infantil y Ludoteca; y la Sala para personas con discapacidad visual que cuenta con audiolibros y vol\u00famenes en sistema Braille.<\/p>\n<p>Adem\u00e1s de la oferta editorial, la Biblioteca de M\u00e9xico cuenta con una amplia gama de actividades culturales para todas las edades y gustos como son: ciclos de cine; talleres de lectura, escritura y de ajedrez, as\u00ed como el de escritura en Braille; obras de teatro y hasta encuentros como el de poes\u00eda Diverso. Desbordando fronteras.<\/p>\n<p>Sus visitantes tambi\u00e9n pueden jugar a Los Libros Perdidos, en donde tendr\u00e1n que recorrer una ruta y seguir los pasos para encontrar y rescatar las publicaciones perdidas. Tambi\u00e9n podr\u00e1n visitar la exposici\u00f3n 100 a\u00f1os de una artista: Leonora Carrington, que estar\u00e1 abierta hasta el 9 de julio, y en la que tendr\u00e1n la oportunidad de apreciar varias de sus pinturas y esculturas.<\/p>\n<p>La Biblioteca de M\u00e9xico tiene un horario de lunes a domingo, de 8:30 a 19:30 horas y est\u00e1 ubicada en Plaza de la Ciudadela N\u00fam. 4, col. Centro, en la Ciudad de M\u00e9xico.<\/p>\n","protected":false},"excerpt":{"rendered":"<p>Con m\u00e1s de 950 mil materiales de lectura en su acervo, la\u00a0Biblioteca de M\u00e9xico\u00a0es uno de los recintos m\u00e1s importantes del pa\u00eds al atender a m\u00e1s de 600 mil usuarios cada a\u00f1o, no s\u00f3lo con servicios de pr\u00e9stamo interno de libros y archivo hemerogr\u00e1fico, sino tambi\u00e9n con una amplia oferta cultural.<\/p>\n","protected":false},"author":1,"featured_media":0,"comment_status":"open","ping_status":"open","sticky":false,"template":"","format":"standard","meta":{"_seopress_robots_primary_cat":""},"categories":[2464],"tags":[2478],"areas":[],"countries":[],"programas":[],"coauthors":[],"_links":{"self":[{"href":"https:\/\/cerlalc.org\/pt-br\/wp-json\/wp\/v2\/posts\/8282"}],"collection":[{"href":"https:\/\/cerlalc.org\/pt-br\/wp-json\/wp\/v2\/posts"}],"about":[{"href":"https:\/\/cerlalc.org\/pt-br\/wp-json\/wp\/v2\/types\/post"}],"author":[{"embeddable":true,"href":"https:\/\/cerlalc.org\/pt-br\/wp-json\/wp\/v2\/users\/1"}],"replies":[{"embeddable":true,"href":"https:\/\/cerlalc.org\/pt-br\/wp-json\/wp\/v2\/comments?post=8282"}],"version-history":[{"count":0,"href":"https:\/\/cerlalc.org\/pt-br\/wp-json\/wp\/v2\/posts\/8282\/revisions"}],"wp:attachment":[{"href":"https:\/\/cerlalc.org\/pt-br\/wp-json\/wp\/v2\/media?parent=8282"}],"wp:term":[{"taxonomy":"category","embeddable":true,"href":"https:\/\/cerlalc.org\/pt-br\/wp-json\/wp\/v2\/categories?post=8282"},{"taxonomy":"post_tag","embeddable":true,"href":"https:\/\/cerlalc.org\/pt-br\/wp-json\/wp\/v2\/tags?post=8282"},{"taxonomy":"areas","embeddable":true,"href":"https:\/\/cerlalc.org\/pt-br\/wp-json\/wp\/v2\/areas?post=8282"},{"taxonomy":"countries","embeddable":true,"href":"https:\/\/cerlalc.org\/pt-br\/wp-json\/wp\/v2\/countries?post=8282"},{"taxonomy":"programas","embeddable":true,"href":"https:\/\/cerlalc.org\/pt-br\/wp-json\/wp\/v2\/programas?post=8282"},{"taxonomy":"author","embeddable":true,"href":"https:\/\/cerlalc.org\/pt-br\/wp-json\/wp\/v2\/coauthors?post=8282"}],"curies":[{"name":"wp","href":"https:\/\/api.w.org\/{rel}","templated":true}]}}