{"id":8300,"date":"2017-06-30T10:04:03","date_gmt":"2017-06-30T10:04:03","guid":{"rendered":"https:\/\/cerlalc.org\/se-lanza-la-feria-internacional-del-libro-de-panama\/"},"modified":"2017-06-30T10:04:03","modified_gmt":"2017-06-30T10:04:03","slug":"se-lanza-la-feria-internacional-del-libro-de-panama","status":"publish","type":"post","link":"https:\/\/cerlalc.org\/pt-br\/se-lanza-la-feria-internacional-del-libro-de-panama\/","title":{"rendered":"Se lanza la Feria Internacional del Libro de Panam\u00e1"},"content":{"rendered":"<p>La semana pasada se realiz\u00f3 el acto oficial de Lanzamiento de la XIII edici\u00f3n de la Feria Internacional del Libro de Panam\u00e1 que tendr\u00e1 lugar del 15 al 20 de agosto del presente a\u00f1o y contar\u00e1 con Colombia como Pa\u00eds Invitado de Honor.<\/p>\n<p>El lanzamiento estuvo presidido por el Comandante del Buque Escuela ARC Gloria, el Capit\u00e1n de Nav\u00edo Hernando Garc\u00eda G\u00f3mez, y cont\u00f3 con palabras de la Embajadora de la Rep\u00fablica de Colombia ante el gobierno de Panam\u00e1, \u00c1ngela Mar\u00eda Benedetti Villaneda; la Presidenta de la C\u00e1mara Paname\u00f1a del Libro, Orit Btesh, y la Licenciada Princila V\u00e1zquez, Directora del Instituto Nacional de Cultura de Panam\u00e1 (INAC). Asistieron representantes de Gobierno, empresarios, miembros del sector cultural y del Cuerpo Diplom\u00e1tico acreditado en Panam\u00e1.<\/p>\n<p>La Embajadora \u00c1ngela Mar\u00eda Benedetti Villaneda hizo en su intervenci\u00f3n una reflexi\u00f3n sobre la evoluci\u00f3n de la lectura en el mundo y Latinoam\u00e9rica y resalt\u00f3 la participaci\u00f3n de Colombia en esta Feria en la que como siempre dejar\u00e1 el nombre del pa\u00eds muy en alto.<\/p>\n<p>Por su parte Orit Btesch, Presidenta de la C\u00e1mara Paname\u00f1a del Libro se refiri\u00f3 al lema de la Feria como reflejo de un deseo compartido con Colombia de habitar una ciudad del libro, mencion\u00f3 uno a uno los participantes colombianos en esta feria, al igual que a los distintos componentes de la programaci\u00f3n cultural incluyendo conversatorios con escritores, talleres y encuentros con j\u00f3venes, actividades para ni\u00f1os y conmemoraciones con motivo de los 75 a\u00f1os de la Biblioteca la Biblioteca Nacional Ernesto J. Castillero de Panam\u00e1 y los 50 a\u00f1os de la obra Cien a\u00f1os de soledad de Gabriel Garc\u00eda M\u00e1rquez, entre otros.<\/p>\n<p>El evento termin\u00f3 con una presentaci\u00f3n de baile y m\u00fasica colombiana ofrecida por el cuerpo de cadetes del Buque ARC Gloria y un buf\u00e9 ofrecido por el Comandante del Buque Gloria.<\/p>\n<p>La participaci\u00f3n de Colombia como Pa\u00eds Invitado de Honor en la XIII edici\u00f3n de la Feria Internacional del Libro de Panam\u00e1 se da en el marco del Plan de Promoci\u00f3n de Colombia en el Exterior del Ministerio de Relaciones Exteriores y es posible gracias a la gesti\u00f3n del Ministerio de Cultura, la C\u00e1mara Colombiana del Libro, la Embajada de Colombia en Panam\u00e1 y la C\u00e1mara Paname\u00f1a del Libro.<\/p>\n","protected":false},"excerpt":{"rendered":"<p>La semana pasada se realiz\u00f3 el acto oficial de Lanzamiento de la XIII edici\u00f3n de la Feria Internacional del Libro de Panam\u00e1 que tendr\u00e1 lugar del 15 al 20 de agosto del presente a\u00f1o y contar\u00e1 con Colombia como Pa\u00eds Invitado de Honor.<\/p>\n","protected":false},"author":1,"featured_media":0,"comment_status":"open","ping_status":"open","sticky":false,"template":"","format":"standard","meta":{"_seopress_robots_primary_cat":""},"categories":[2464],"tags":[2486],"areas":[],"countries":[],"programas":[],"coauthors":[],"_links":{"self":[{"href":"https:\/\/cerlalc.org\/pt-br\/wp-json\/wp\/v2\/posts\/8300"}],"collection":[{"href":"https:\/\/cerlalc.org\/pt-br\/wp-json\/wp\/v2\/posts"}],"about":[{"href":"https:\/\/cerlalc.org\/pt-br\/wp-json\/wp\/v2\/types\/post"}],"author":[{"embeddable":true,"href":"https:\/\/cerlalc.org\/pt-br\/wp-json\/wp\/v2\/users\/1"}],"replies":[{"embeddable":true,"href":"https:\/\/cerlalc.org\/pt-br\/wp-json\/wp\/v2\/comments?post=8300"}],"version-history":[{"count":0,"href":"https:\/\/cerlalc.org\/pt-br\/wp-json\/wp\/v2\/posts\/8300\/revisions"}],"wp:attachment":[{"href":"https:\/\/cerlalc.org\/pt-br\/wp-json\/wp\/v2\/media?parent=8300"}],"wp:term":[{"taxonomy":"category","embeddable":true,"href":"https:\/\/cerlalc.org\/pt-br\/wp-json\/wp\/v2\/categories?post=8300"},{"taxonomy":"post_tag","embeddable":true,"href":"https:\/\/cerlalc.org\/pt-br\/wp-json\/wp\/v2\/tags?post=8300"},{"taxonomy":"areas","embeddable":true,"href":"https:\/\/cerlalc.org\/pt-br\/wp-json\/wp\/v2\/areas?post=8300"},{"taxonomy":"countries","embeddable":true,"href":"https:\/\/cerlalc.org\/pt-br\/wp-json\/wp\/v2\/countries?post=8300"},{"taxonomy":"programas","embeddable":true,"href":"https:\/\/cerlalc.org\/pt-br\/wp-json\/wp\/v2\/programas?post=8300"},{"taxonomy":"author","embeddable":true,"href":"https:\/\/cerlalc.org\/pt-br\/wp-json\/wp\/v2\/coauthors?post=8300"}],"curies":[{"name":"wp","href":"https:\/\/api.w.org\/{rel}","templated":true}]}}