{"id":8304,"date":"2017-06-28T12:10:54","date_gmt":"2017-06-28T12:10:54","guid":{"rendered":"https:\/\/cerlalc.org\/biblioteca-nacional-de-peru-capacita-a-bibliotecarios-publicos\/"},"modified":"2017-06-28T12:10:54","modified_gmt":"2017-06-28T12:10:54","slug":"biblioteca-nacional-de-peru-capacita-a-bibliotecarios-publicos","status":"publish","type":"post","link":"https:\/\/cerlalc.org\/pt-br\/biblioteca-nacional-de-peru-capacita-a-bibliotecarios-publicos\/","title":{"rendered":"Biblioteca Nacional de Per\u00fa capacita a bibliotecarios p\u00fablicos"},"content":{"rendered":"<p>El director de la Biblioteca Nacional del Per\u00fa, Alejandro Neyra, particip\u00f3 hoy en el inicio de la capacitaci\u00f3n que se brinda a los responsables de bibliotecas p\u00fablicas y de centros coordinadores a nivel nacional en la que conocer\u00e1n las experiencias innovadoras en el uso de tecnolog\u00edas en bibliotecas de Per\u00fa, Uruguay y Colombia.<\/p>\n<p>Neyra sostuvo que esta jornada de aprendizaje que realiza la BNP busca alcanzar uno de los principales objetivos de su gesti\u00f3n: tener personal bibliotecario capacitado y equipamiento necesario para fortalecer los servicios en beneficio de los ciudadanos.<\/p>\n<p>\u201cPara la Biblioteca Nacional hay una prioridad muy clara que es mejorar los servicios en las bibliotecas p\u00fablicas del pa\u00eds. Para eso es importante que las bibliotecas tengan una mejor implementaci\u00f3n y que el personal est\u00e9 bien capacitado; de esa forma las  bibliotecas realizar\u00e1n un trabajo m\u00e1s articulado y con servicios de calidad (\u2026) en la medida que podamos avanzar en ese reto, vamos a tener una mejor Biblioteca Nacional y un verdadero Sistema Nacional de Bibliotecas\u201d, puntualiz\u00f3 el director de la BNP.<\/p>\n<p>A\u00f1adi\u00f3 que con miras al Bicentenario de la Independencia Nacional, que es tambi\u00e9n el Bicentenario de creaci\u00f3n de la BNP, se busca que \u201clos ciudadanos, sobre todo ni\u00f1os y j\u00f3venes, tengan un mejor acceso a los libros y a la lectura y tengan mejores espacios en las bibliotecas p\u00fablicas del pa\u00eds\u201d.<\/p>\n<p>Para ello, en esta capacitaci\u00f3n, que se realiza en la Gran Biblioteca P\u00fablica de Lima, los temas son: el papel de la tecnolog\u00eda en las bibliotecas, donaciones de software para las bibliotecas, la visi\u00f3n moderna de la biblioteca, el rol del bibliotecario innovador, servicios de formaci\u00f3n en l\u00ednea, dise\u00f1o basado en el usuario, entre otros.<\/p>\n<p>Esta formaci\u00f3n es impartida por expertos de la consultora Makaia, a trav\u00e9s de un convenio con la BNP para promover la capacitaci\u00f3n de bibliotecarios en nuevas tecnolog\u00edas y cooperaci\u00f3n t\u00e9cnica, desde el lunes 26 de junio hasta el mi\u00e9rcoles 28 de junio.<\/p>\n","protected":false},"excerpt":{"rendered":"<p>El director de la Biblioteca Nacional del Per\u00fa, Alejandro Neyra, particip\u00f3 hoy en el inicio de la capacitaci\u00f3n que se brinda a los responsables de bibliotecas p\u00fablicas y de centros coordinadores a nivel nacional en la que conocer\u00e1n las experiencias innovadoras en el uso de tecnolog\u00edas en bibliotecas de Per\u00fa, Uruguay y Colombia.<\/p>\n","protected":false},"author":1,"featured_media":0,"comment_status":"open","ping_status":"open","sticky":false,"template":"","format":"standard","meta":{"_seopress_robots_primary_cat":""},"categories":[2464],"tags":[2478],"areas":[],"countries":[],"programas":[],"coauthors":[],"_links":{"self":[{"href":"https:\/\/cerlalc.org\/pt-br\/wp-json\/wp\/v2\/posts\/8304"}],"collection":[{"href":"https:\/\/cerlalc.org\/pt-br\/wp-json\/wp\/v2\/posts"}],"about":[{"href":"https:\/\/cerlalc.org\/pt-br\/wp-json\/wp\/v2\/types\/post"}],"author":[{"embeddable":true,"href":"https:\/\/cerlalc.org\/pt-br\/wp-json\/wp\/v2\/users\/1"}],"replies":[{"embeddable":true,"href":"https:\/\/cerlalc.org\/pt-br\/wp-json\/wp\/v2\/comments?post=8304"}],"version-history":[{"count":0,"href":"https:\/\/cerlalc.org\/pt-br\/wp-json\/wp\/v2\/posts\/8304\/revisions"}],"wp:attachment":[{"href":"https:\/\/cerlalc.org\/pt-br\/wp-json\/wp\/v2\/media?parent=8304"}],"wp:term":[{"taxonomy":"category","embeddable":true,"href":"https:\/\/cerlalc.org\/pt-br\/wp-json\/wp\/v2\/categories?post=8304"},{"taxonomy":"post_tag","embeddable":true,"href":"https:\/\/cerlalc.org\/pt-br\/wp-json\/wp\/v2\/tags?post=8304"},{"taxonomy":"areas","embeddable":true,"href":"https:\/\/cerlalc.org\/pt-br\/wp-json\/wp\/v2\/areas?post=8304"},{"taxonomy":"countries","embeddable":true,"href":"https:\/\/cerlalc.org\/pt-br\/wp-json\/wp\/v2\/countries?post=8304"},{"taxonomy":"programas","embeddable":true,"href":"https:\/\/cerlalc.org\/pt-br\/wp-json\/wp\/v2\/programas?post=8304"},{"taxonomy":"author","embeddable":true,"href":"https:\/\/cerlalc.org\/pt-br\/wp-json\/wp\/v2\/coauthors?post=8304"}],"curies":[{"name":"wp","href":"https:\/\/api.w.org\/{rel}","templated":true}]}}