{"id":8316,"date":"2017-06-22T06:00:17","date_gmt":"2017-06-22T06:00:17","guid":{"rendered":"https:\/\/cerlalc.org\/premio-residencia-segib-ene-casa-de-velazquez\/"},"modified":"2017-06-22T06:00:17","modified_gmt":"2017-06-22T06:00:17","slug":"premio-residencia-segib-ene-casa-de-velazquez","status":"publish","type":"post","link":"https:\/\/cerlalc.org\/pt-br\/premio-residencia-segib-ene-casa-de-velazquez\/","title":{"rendered":"Premio Residencia SEGIB-E\u00f1e-Casa de Vel\u00e1zquez"},"content":{"rendered":"<p>Festival E\u00f1e, SEGIB y la Casa de Vel\u00e1zquez convocan la primera edici\u00f3n del Premio Residencia SEGIB-E\u00f1e-Casa de Vel\u00e1zquez para un escritor iberoamericano, con el objetivo de potenciar y apoyar la labor de los escritores iberoamericanos.<\/p>\n<p>Este premio ofrece al ganador una residencia de cuatro meses de duraci\u00f3n en la Casa de Vel\u00e1zquez. Adem\u00e1s, el ganador participar\u00e1 en la programaci\u00f3n del Festival E\u00f1e de este a\u00f1o, que se celebrar\u00e1 los d\u00edas 27 y 28 de octubre en el C\u00edrculo de Bellas Artes, en un acto de presentaci\u00f3n del premio en el marco del festival<\/p>\n<p>La convocatoria permanecer\u00e1 abierta hasta el 29 de junio y un mes despu\u00e9s se har\u00e1 p\u00fablico el nombre del ganador del premio<\/p>\n<p>\u00bfTe interesa participar? Revisa y descarga las bases del concurso y el formulario del inscripci\u00f3n:<\/p>\n<p>Bases del Concurso SEGIB-E\u00f1e-Casa de Vel\u00e1zquez <\/p>\n<p>Formulario de inscripci\u00f3n<\/p>\n","protected":false},"excerpt":{"rendered":"<p>Festival E\u00f1e, SEGIB y la Casa de Vel\u00e1zquez convocan la primera edici\u00f3n del Premio Residencia SEGIB-E\u00f1e-Casa de Vel\u00e1zquez para un escritor iberoamericano, con el objetivo de potenciar y apoyar la labor de los escritores iberoamericanos.<\/p>\n","protected":false},"author":1,"featured_media":0,"comment_status":"open","ping_status":"open","sticky":false,"template":"","format":"standard","meta":{"_seopress_robots_primary_cat":""},"categories":[2464],"tags":[2520,2485],"areas":[],"countries":[],"programas":[],"coauthors":[],"_links":{"self":[{"href":"https:\/\/cerlalc.org\/pt-br\/wp-json\/wp\/v2\/posts\/8316"}],"collection":[{"href":"https:\/\/cerlalc.org\/pt-br\/wp-json\/wp\/v2\/posts"}],"about":[{"href":"https:\/\/cerlalc.org\/pt-br\/wp-json\/wp\/v2\/types\/post"}],"author":[{"embeddable":true,"href":"https:\/\/cerlalc.org\/pt-br\/wp-json\/wp\/v2\/users\/1"}],"replies":[{"embeddable":true,"href":"https:\/\/cerlalc.org\/pt-br\/wp-json\/wp\/v2\/comments?post=8316"}],"version-history":[{"count":0,"href":"https:\/\/cerlalc.org\/pt-br\/wp-json\/wp\/v2\/posts\/8316\/revisions"}],"wp:attachment":[{"href":"https:\/\/cerlalc.org\/pt-br\/wp-json\/wp\/v2\/media?parent=8316"}],"wp:term":[{"taxonomy":"category","embeddable":true,"href":"https:\/\/cerlalc.org\/pt-br\/wp-json\/wp\/v2\/categories?post=8316"},{"taxonomy":"post_tag","embeddable":true,"href":"https:\/\/cerlalc.org\/pt-br\/wp-json\/wp\/v2\/tags?post=8316"},{"taxonomy":"areas","embeddable":true,"href":"https:\/\/cerlalc.org\/pt-br\/wp-json\/wp\/v2\/areas?post=8316"},{"taxonomy":"countries","embeddable":true,"href":"https:\/\/cerlalc.org\/pt-br\/wp-json\/wp\/v2\/countries?post=8316"},{"taxonomy":"programas","embeddable":true,"href":"https:\/\/cerlalc.org\/pt-br\/wp-json\/wp\/v2\/programas?post=8316"},{"taxonomy":"author","embeddable":true,"href":"https:\/\/cerlalc.org\/pt-br\/wp-json\/wp\/v2\/coauthors?post=8316"}],"curies":[{"name":"wp","href":"https:\/\/api.w.org\/{rel}","templated":true}]}}