{"id":8319,"date":"2017-06-21T11:26:34","date_gmt":"2017-06-21T11:26:34","guid":{"rendered":"https:\/\/cerlalc.org\/convenciones-regionales-de-cultura-en-chile\/"},"modified":"2017-06-21T11:26:34","modified_gmt":"2017-06-21T11:26:34","slug":"convenciones-regionales-de-cultura-en-chile","status":"publish","type":"post","link":"https:\/\/cerlalc.org\/pt-br\/convenciones-regionales-de-cultura-en-chile\/","title":{"rendered":"Convenciones regionales de cultura en Chile"},"content":{"rendered":"<p>\u201cCultura y desarrollo humano: Derechos y Territorio\u201d es el tema que convoca este a\u00f1o a las convenciones de cultura y donde las convenciones regionales de Chile ser\u00e1n la instancia m\u00e1s importante en t\u00e9rminos participativos para la construcci\u00f3n de las pol\u00edticas culturales regionales 2017-2022. Adem\u00e1s, insumar\u00e1n en contenidos a la Pol\u00edtica Nacional, en el ejercicio de dar coherencia a las pol\u00edticas del Consejo Nacional de la Cultura y la Artes de Chile.<\/p>\n<p>El Desarrollo Humano, un concepto que act\u00faa como fin del accionar p\u00fablico al cual se le suman dos enfoques: uno de car\u00e1cter fundante en t\u00e9rminos de principios; enfoque de derechos, y el otro, de car\u00e1cter fundante en t\u00e9rminos operativos; el territorio como base de la comprensi\u00f3n del accionar p\u00fablico en cultura. Estos conceptos emergieron con fuerza durante los espacios de reflexi\u00f3n de la Convenci\u00f3n Nacional de 2016, instancia en la que ya se comenz\u00f3 a trabajar sobre las pol\u00edticas culturales 2017-2022.<\/p>\n<p>Asimismo, el concepto de \u201cDesarrollo Humano\u201d constituye un amplio \u201ccontenedor\u201d de sentido, donde es posible incluir conceptos y principios como los de: derechos culturales, identidad, diversidad cultural, equidad, descentralizaci\u00f3n, entre otros. De esta forma, se produce una articulaci\u00f3n con la idea que sustenta la nueva denominaci\u00f3n del Ministerio, que enfatiza en una visi\u00f3n amplia e inclusiva del concepto de cultura.<\/p>\n","protected":false},"excerpt":{"rendered":"<p>\u201cCultura y desarrollo humano: Derechos y Territorio\u201d es el tema que convoca este a\u00f1o a las convenciones de cultura y donde las convenciones regionales de Chile ser\u00e1n la instancia m\u00e1s importante en t\u00e9rminos participativos para la construcci\u00f3n de las pol\u00edticas culturales regionales 2017-2022.\u00a0<\/p>\n","protected":false},"author":1,"featured_media":0,"comment_status":"open","ping_status":"open","sticky":false,"template":"","format":"standard","meta":{"_seopress_robots_primary_cat":""},"categories":[2464],"tags":[2496,2524],"areas":[],"countries":[],"programas":[],"coauthors":[],"_links":{"self":[{"href":"https:\/\/cerlalc.org\/pt-br\/wp-json\/wp\/v2\/posts\/8319"}],"collection":[{"href":"https:\/\/cerlalc.org\/pt-br\/wp-json\/wp\/v2\/posts"}],"about":[{"href":"https:\/\/cerlalc.org\/pt-br\/wp-json\/wp\/v2\/types\/post"}],"author":[{"embeddable":true,"href":"https:\/\/cerlalc.org\/pt-br\/wp-json\/wp\/v2\/users\/1"}],"replies":[{"embeddable":true,"href":"https:\/\/cerlalc.org\/pt-br\/wp-json\/wp\/v2\/comments?post=8319"}],"version-history":[{"count":0,"href":"https:\/\/cerlalc.org\/pt-br\/wp-json\/wp\/v2\/posts\/8319\/revisions"}],"wp:attachment":[{"href":"https:\/\/cerlalc.org\/pt-br\/wp-json\/wp\/v2\/media?parent=8319"}],"wp:term":[{"taxonomy":"category","embeddable":true,"href":"https:\/\/cerlalc.org\/pt-br\/wp-json\/wp\/v2\/categories?post=8319"},{"taxonomy":"post_tag","embeddable":true,"href":"https:\/\/cerlalc.org\/pt-br\/wp-json\/wp\/v2\/tags?post=8319"},{"taxonomy":"areas","embeddable":true,"href":"https:\/\/cerlalc.org\/pt-br\/wp-json\/wp\/v2\/areas?post=8319"},{"taxonomy":"countries","embeddable":true,"href":"https:\/\/cerlalc.org\/pt-br\/wp-json\/wp\/v2\/countries?post=8319"},{"taxonomy":"programas","embeddable":true,"href":"https:\/\/cerlalc.org\/pt-br\/wp-json\/wp\/v2\/programas?post=8319"},{"taxonomy":"author","embeddable":true,"href":"https:\/\/cerlalc.org\/pt-br\/wp-json\/wp\/v2\/coauthors?post=8319"}],"curies":[{"name":"wp","href":"https:\/\/api.w.org\/{rel}","templated":true}]}}