{"id":8342,"date":"2017-06-09T00:00:00","date_gmt":"2017-06-09T00:00:00","guid":{"rendered":"https:\/\/cerlalc.org\/el-cerlalc-firma-convenio-con-la-fundacion-sm-3\/"},"modified":"2017-06-09T00:00:00","modified_gmt":"2017-06-09T00:00:00","slug":"el-cerlalc-firma-convenio-con-la-fundacion-sm-3","status":"publish","type":"post","link":"https:\/\/cerlalc.org\/pt-br\/el-cerlalc-firma-convenio-con-la-fundacion-sm-3\/","title":{"rendered":"El Cerlalc firma convenio con la Fundaci\u00f3n SM"},"content":{"rendered":"<p>Este jueves 8 de junio se consolid\u00f3 el convenio marco entre la Fundaci\u00f3n SM y el Observatorio iberoamericano de cultura y educaci\u00f3n para la primera infancia, OPI . En el acuerdo el Cerlalc y SM se comprometen, por un lapso de 3 a\u00f1os, a fortalecer las actividades del OPI como instrumentos de acopio, sistematizaci\u00f3n y an\u00e1lisis de informaci\u00f3n sobre la situaci\u00f3n de la primera infancia tanto en el \u00e1mbito regional como mundial.<\/p>\n<p>Como parte integral del Cerlalc, el prop\u00f3sito del OPI es contribuir a la creaci\u00f3n, la difusi\u00f3n y la ejecuci\u00f3n de pol\u00edticas p\u00fablicas e iniciativas educativas, art\u00edsticas y culturales para los ni\u00f1os y ni\u00f1as de 0 a 6 a\u00f1os de edad. Es evidente entonces, la pertinencia de un convenio que permita unir esfuerzos con la Fundaci\u00f3n SM, que adem\u00e1s est\u00e1 al frente de una de las m\u00e1s destacadas casas editoriales en textos escolares y literatura infantil y juvenil, se ha dedicado a formar profesorado, intervenir social y educativamente en entornos con j\u00f3venes en situaciones de vulnerabilidad y fomentar la lectura y la escritura en Iberoam\u00e9rica.<\/p>\n<p>En el convenio, SM se compromete a apoyar las actividades y proyectos del OPI y facilitar la generaci\u00f3n de canales de comunicaci\u00f3n con autores y especialistas en primera infancia. Por su parte, el Cerlalc apoyar\u00e1 la difusi\u00f3n de los proyectos e iniciativas de SM y desarrollar\u00e1 una agenda de trabajo conjunto con los pa\u00edses latinoamericanos en los que la fundaci\u00f3n tiene presencia.<\/p>\n<p>Ya en ocasiones pasadas el Cerlalc y SM han trabajado juntos con el fin de crear espacios para la cultura y la educaci\u00f3n infantil y juvenil. El Cerlalc es uno de los organismos que conforman el jurado del Premio Iberoamericano SM de Literatura Infantil y Juvenil, que se entrega desde 2005 como reconocimiento a la obra de autores consagrados de la literatura para ni\u00f1os en el \u00e1mbito iberoamericano. (insertar el siguiente v\u00eddeo: https:\/\/www.youtube.com\/watch?v=1AtKbHePqrA)<\/p>\n","protected":false},"excerpt":{"rendered":"<p>Anuncio del convenio entre el Cerlalc y  la fundaci\u00f3n SM<\/p>\n","protected":false},"author":60,"featured_media":7547,"comment_status":"open","ping_status":"open","sticky":false,"template":"","format":"standard","meta":{"_seopress_robots_primary_cat":""},"categories":[2464,2479],"tags":[2481,2467],"areas":[],"countries":[],"programas":[],"coauthors":[2232],"_links":{"self":[{"href":"https:\/\/cerlalc.org\/pt-br\/wp-json\/wp\/v2\/posts\/8342"}],"collection":[{"href":"https:\/\/cerlalc.org\/pt-br\/wp-json\/wp\/v2\/posts"}],"about":[{"href":"https:\/\/cerlalc.org\/pt-br\/wp-json\/wp\/v2\/types\/post"}],"author":[{"embeddable":true,"href":"https:\/\/cerlalc.org\/pt-br\/wp-json\/wp\/v2\/users\/60"}],"replies":[{"embeddable":true,"href":"https:\/\/cerlalc.org\/pt-br\/wp-json\/wp\/v2\/comments?post=8342"}],"version-history":[{"count":0,"href":"https:\/\/cerlalc.org\/pt-br\/wp-json\/wp\/v2\/posts\/8342\/revisions"}],"wp:featuredmedia":[{"embeddable":true,"href":"https:\/\/cerlalc.org\/pt-br\/wp-json\/wp\/v2\/media\/7547"}],"wp:attachment":[{"href":"https:\/\/cerlalc.org\/pt-br\/wp-json\/wp\/v2\/media?parent=8342"}],"wp:term":[{"taxonomy":"category","embeddable":true,"href":"https:\/\/cerlalc.org\/pt-br\/wp-json\/wp\/v2\/categories?post=8342"},{"taxonomy":"post_tag","embeddable":true,"href":"https:\/\/cerlalc.org\/pt-br\/wp-json\/wp\/v2\/tags?post=8342"},{"taxonomy":"areas","embeddable":true,"href":"https:\/\/cerlalc.org\/pt-br\/wp-json\/wp\/v2\/areas?post=8342"},{"taxonomy":"countries","embeddable":true,"href":"https:\/\/cerlalc.org\/pt-br\/wp-json\/wp\/v2\/countries?post=8342"},{"taxonomy":"programas","embeddable":true,"href":"https:\/\/cerlalc.org\/pt-br\/wp-json\/wp\/v2\/programas?post=8342"},{"taxonomy":"author","embeddable":true,"href":"https:\/\/cerlalc.org\/pt-br\/wp-json\/wp\/v2\/coauthors?post=8342"}],"curies":[{"name":"wp","href":"https:\/\/api.w.org\/{rel}","templated":true}]}}