{"id":8343,"date":"2017-06-08T06:28:13","date_gmt":"2017-06-08T06:28:13","guid":{"rendered":"https:\/\/cerlalc.org\/ciudadano-chilensis-una-campana-para-recordar-y-leer\/"},"modified":"2017-06-08T06:28:13","modified_gmt":"2017-06-08T06:28:13","slug":"ciudadano-chilensis-una-campana-para-recordar-y-leer","status":"publish","type":"post","link":"https:\/\/cerlalc.org\/pt-br\/ciudadano-chilensis-una-campana-para-recordar-y-leer\/","title":{"rendered":"Ciudadano Chilensis, una campa\u00f1a para recordar y leer"},"content":{"rendered":"<p>\u201cCiudadanos\u201d es una exposici\u00f3n infogr\u00e1fica que pretende transmitir el legado de diversos personajes de la historia de Chile que realizaron aportes al bien com\u00fan desde la sociedad civil. Andr\u00e9s Bello, Federico Santa Mar\u00eda, Gabriela Mistral, Diego Barros Arana,  Adolfo Ib\u00e1\u00f1ez, Benjam\u00edn Vicu\u00f1a Mackenna, Jos\u00e9 Victorino Lastarria, Mar\u00eda Graham, son solo unos de los nombres que la muestra recuerda. La exposici\u00f3n se enfoca en comunicar ideas de manera innovadora y sensitiva, por medio de paneles infogr\u00e1ficos y interacci\u00f3n con actores que encarnan a algunos de los personajes en una intervenci\u00f3n teatral de 30 minutos.postales-ciudadanos-14<\/p>\n<p>Por medio de la Fundaci\u00f3n para el Progreso de Chile, FPP, la exposici\u00f3n ha llegado a cerca de 10 mil estudiantes de escuelas y universidades de Chile con el fin de fomentar la lectura de estos personajes y as\u00ed fortalecer a la sociedad civil como fuente de iniciativas que resuelvan problemas privados y p\u00fablicos. Con la exposici\u00f3n se ha hecho entrega del cuadernillo \u201cChilensis\u201d, una publicaci\u00f3n que rescata las historias de  personajes chilenos que dedicaron su vida al bien com\u00fan.<\/p>\n<p>postales-ciudadanos-01\u201cEl legado de estos ciudadanos nos debe recordar que una sociedad no se sostiene sobre meros discursos y declaraciones escritas en un papel.\u201d Se\u00f1ala Pilar Entrala, de la Fpp, \u201cLa consigna es insuficiente si los valores y principios que modelan un pa\u00eds libre no se consagran, primero, en la identidad y mentalidad de las personas, convirti\u00e9ndose en expresiones culturales arraigadas de manera firme en cada uno de nosotros. El verdadero progreso de una naci\u00f3n solo se convierte en realidad en la medida que sean sus ciudadanos sus verdaderos protagonistas.\u201d<\/p>\n<p>En el segundo semestre de este a\u00f1o, con el logo institucional de la Organizaci\u00f3n de Estados Iberoamericanos, OEI, junto con el de la Asocaci\u00f3n Nacional de la Prensa, ANP; la C\u00e1mara de Empresarios Culturales de la Argentina en Chile, y el diario de amplia circulaci\u00f3n las \u00daltimas Noticias, se lanzar\u00e1 Campa\u00f1a Digital de Fomento Lector y Educaci\u00f3n C\u00edvica para promover los valores de los autores chilenos a trav\u00e9s de las redes sociales.<\/p>\n","protected":false},"excerpt":{"rendered":"<p>\u201cCiudadanos\u201d es una\u00a0exposici\u00f3n infogr\u00e1fica que pretende transmitir el legado de diversos personajes de la historia de Chile que realizaron aportes al bien com\u00fan desde la sociedad civil.\u00a0<\/p>\n","protected":false},"author":1,"featured_media":0,"comment_status":"open","ping_status":"open","sticky":false,"template":"","format":"standard","meta":{"_seopress_robots_primary_cat":""},"categories":[2464],"tags":[2468],"areas":[],"countries":[],"programas":[],"coauthors":[],"_links":{"self":[{"href":"https:\/\/cerlalc.org\/pt-br\/wp-json\/wp\/v2\/posts\/8343"}],"collection":[{"href":"https:\/\/cerlalc.org\/pt-br\/wp-json\/wp\/v2\/posts"}],"about":[{"href":"https:\/\/cerlalc.org\/pt-br\/wp-json\/wp\/v2\/types\/post"}],"author":[{"embeddable":true,"href":"https:\/\/cerlalc.org\/pt-br\/wp-json\/wp\/v2\/users\/1"}],"replies":[{"embeddable":true,"href":"https:\/\/cerlalc.org\/pt-br\/wp-json\/wp\/v2\/comments?post=8343"}],"version-history":[{"count":0,"href":"https:\/\/cerlalc.org\/pt-br\/wp-json\/wp\/v2\/posts\/8343\/revisions"}],"wp:attachment":[{"href":"https:\/\/cerlalc.org\/pt-br\/wp-json\/wp\/v2\/media?parent=8343"}],"wp:term":[{"taxonomy":"category","embeddable":true,"href":"https:\/\/cerlalc.org\/pt-br\/wp-json\/wp\/v2\/categories?post=8343"},{"taxonomy":"post_tag","embeddable":true,"href":"https:\/\/cerlalc.org\/pt-br\/wp-json\/wp\/v2\/tags?post=8343"},{"taxonomy":"areas","embeddable":true,"href":"https:\/\/cerlalc.org\/pt-br\/wp-json\/wp\/v2\/areas?post=8343"},{"taxonomy":"countries","embeddable":true,"href":"https:\/\/cerlalc.org\/pt-br\/wp-json\/wp\/v2\/countries?post=8343"},{"taxonomy":"programas","embeddable":true,"href":"https:\/\/cerlalc.org\/pt-br\/wp-json\/wp\/v2\/programas?post=8343"},{"taxonomy":"author","embeddable":true,"href":"https:\/\/cerlalc.org\/pt-br\/wp-json\/wp\/v2\/coauthors?post=8343"}],"curies":[{"name":"wp","href":"https:\/\/api.w.org\/{rel}","templated":true}]}}