{"id":8345,"date":"2017-06-08T06:00:03","date_gmt":"2017-06-08T06:00:03","guid":{"rendered":"https:\/\/cerlalc.org\/uruguay-replica-el-programa-brasileno-lee-para-un-nino\/"},"modified":"2017-06-08T06:00:03","modified_gmt":"2017-06-08T06:00:03","slug":"uruguay-replica-el-programa-brasileno-lee-para-un-nino","status":"publish","type":"post","link":"https:\/\/cerlalc.org\/pt-br\/uruguay-replica-el-programa-brasileno-lee-para-un-nino\/","title":{"rendered":"Uruguay replica el programa brasile\u00f1o \u201cLe\u00e9 para un ni\u00f1o\u201d"},"content":{"rendered":"<p>De la mano del Plan Nacional de Lectura y el Ministerio de Educaci\u00f3n y Cultura, Ita\u00fa Uruguay replica el programa \u201cLe\u00e9 para un ni\u00f1o\u201d concebido en el a\u00f1o 2012  por Ita\u00fa Brasil. La iniciativa busca incentivar la lectura, este h\u00e1bito indispensable para los m\u00e1s peque\u00f1os invitando a los adultos a ser agentes de este cambio en la educaci\u00f3n a trav\u00e9s de los libros.<\/p>\n<p>\u201cLa educaci\u00f3n es uno de nuestros pilares institucionales y en Ita\u00fa creemos en su poder transformador. Aparte de todo lo que es educaci\u00f3n financiera, que ser\u00eda la pata de educaci\u00f3n m\u00e1s material al negocio de un banco, entendimos que desde nuestro lugar era posible generar valor compartido en otros aspectos de la educaci\u00f3n, puntualmente en la causa de la lectura, porque es el motor principal del aprendizaje en los primeros a\u00f1os de vida\u201d, dijo Luc\u00eda Cabanas, gerente de Marketing y Sustentabilidad de Ita\u00fa.<\/p>\n<p>El programa se lanz\u00f3 en el marco de la 17\u00aa Feria del Libro infantil y juvenil  en el que estar\u00e1 presente en la Feria del Libro Infantil y Juvenil, del 31 de mayo al 11 de junio, con un stand especialmente pensado para los m\u00e1s chicos.<\/p>\n<p>Peque\u00f1as acciones de voluntariado fueron el comienzo de \u201cLe\u00e9 para un ni\u00f1o\u201d en Uruguay. Colaboradores del banco asistieron a distintos centros Caif para leer a grupos de preescolares, donde adem\u00e1s se donaron bibliotecas de libros. En el a\u00f1o 2014 se realiz\u00f3 una m\u00e1quina de cuentos digital en la que, por cada cuento personalizado y descargado por las familias para su lectura, Ita\u00fa don\u00f3 un libro f\u00edsico a ni\u00f1os de contexto cr\u00edtico. En 2017 la campa\u00f1a toma forma de programa para trabajar la problem\u00e1tica a nivel local.<\/p>\n","protected":false},"excerpt":{"rendered":"<p>\u00a0La iniciativa busca\u00a0incentivar la lectura, este h\u00e1bito indispensable para los m\u00e1s peque\u00f1os invitando a los adultos a ser agentes de este cambio en la educaci\u00f3n a trav\u00e9s de los libros.<\/p>\n","protected":false},"author":1,"featured_media":0,"comment_status":"open","ping_status":"open","sticky":false,"template":"","format":"standard","meta":{"_seopress_robots_primary_cat":""},"categories":[2464],"tags":[2473,2467],"areas":[],"countries":[],"programas":[],"coauthors":[],"_links":{"self":[{"href":"https:\/\/cerlalc.org\/pt-br\/wp-json\/wp\/v2\/posts\/8345"}],"collection":[{"href":"https:\/\/cerlalc.org\/pt-br\/wp-json\/wp\/v2\/posts"}],"about":[{"href":"https:\/\/cerlalc.org\/pt-br\/wp-json\/wp\/v2\/types\/post"}],"author":[{"embeddable":true,"href":"https:\/\/cerlalc.org\/pt-br\/wp-json\/wp\/v2\/users\/1"}],"replies":[{"embeddable":true,"href":"https:\/\/cerlalc.org\/pt-br\/wp-json\/wp\/v2\/comments?post=8345"}],"version-history":[{"count":0,"href":"https:\/\/cerlalc.org\/pt-br\/wp-json\/wp\/v2\/posts\/8345\/revisions"}],"wp:attachment":[{"href":"https:\/\/cerlalc.org\/pt-br\/wp-json\/wp\/v2\/media?parent=8345"}],"wp:term":[{"taxonomy":"category","embeddable":true,"href":"https:\/\/cerlalc.org\/pt-br\/wp-json\/wp\/v2\/categories?post=8345"},{"taxonomy":"post_tag","embeddable":true,"href":"https:\/\/cerlalc.org\/pt-br\/wp-json\/wp\/v2\/tags?post=8345"},{"taxonomy":"areas","embeddable":true,"href":"https:\/\/cerlalc.org\/pt-br\/wp-json\/wp\/v2\/areas?post=8345"},{"taxonomy":"countries","embeddable":true,"href":"https:\/\/cerlalc.org\/pt-br\/wp-json\/wp\/v2\/countries?post=8345"},{"taxonomy":"programas","embeddable":true,"href":"https:\/\/cerlalc.org\/pt-br\/wp-json\/wp\/v2\/programas?post=8345"},{"taxonomy":"author","embeddable":true,"href":"https:\/\/cerlalc.org\/pt-br\/wp-json\/wp\/v2\/coauthors?post=8345"}],"curies":[{"name":"wp","href":"https:\/\/api.w.org\/{rel}","templated":true}]}}