{"id":8348,"date":"2017-06-07T09:21:19","date_gmt":"2017-06-07T09:21:19","guid":{"rendered":"https:\/\/cerlalc.org\/honduras-crea-nueva-secretaria-de-derechos-humanos\/"},"modified":"2017-06-07T09:21:19","modified_gmt":"2017-06-07T09:21:19","slug":"honduras-crea-nueva-secretaria-de-derechos-humanos","status":"publish","type":"post","link":"https:\/\/cerlalc.org\/pt-br\/honduras-crea-nueva-secretaria-de-derechos-humanos\/","title":{"rendered":"Honduras crea nueva Secretar\u00eda de Derechos Humanos"},"content":{"rendered":"<p>El presidente de Honduras Juan Orlando Hern\u00e1ndez anunci\u00f3 en una conferencia de prensa, la creaci\u00f3n de una Secretar\u00eda de Estado en materia de Derechos Humanos.<\/p>\n<p>\u201cCreemos que una Secretar\u00eda de Estado con una cartera especial para el tema de Derechos Humanos es clave\u201d se\u00f1al\u00f3 el mandatario, \u201cS\u00e9 que probablemente habr\u00e1 alg\u00fan tipo de cuestionamiento porque hab\u00edamos dicho que nos \u00edbamos a quedar estrictamente con 15 secretar\u00edas de Estado por una ventaja de gerencia de administraci\u00f3n p\u00fablica. Sin embargo, creemos que esto es fundamental de cara a instalar una cultura de protecci\u00f3n de promoci\u00f3n al sistema de derechos fundamentales de Derechos Humanos en el pa\u00eds.\u201d<\/p>\n<p>El presidente Hern\u00e1ndez record\u00f3 que desde el d\u00eda que tom\u00f3 posesi\u00f3n su cargo, invit\u00f3 al alto comisionado de Naciones Unidas para que instalara una oficina aqu\u00ed, \u201cellos est\u00e1n aqu\u00ed\u201d. De igual manera se\u00f1al\u00f3 que  en todas las instituciones de seguridad que est\u00e1n al mando del Poder Ejecutivo como la polic\u00eda y Fuerzas Armadas, los derechos humanos son un tema transversal. \u201cLo que hemos estado haciendo con Vida Mejor es precisamente eso, garantizando el ejercicio de los Derechos Humanos de la gente m\u00e1s humilde, en condiciones f\u00edsica de su vivienda, en condiciones dignas, inclusi\u00f3n financiera, la reestructuraci\u00f3n del sistema de salud y la otra vertiente es todo el sistema de seguridad social\u201d, detall\u00f3.<\/p>\n","protected":false},"excerpt":{"rendered":"<p>El presidente de Honduras Juan Orlando Hern\u00e1ndez anunci\u00f3 en una conferencia de prensa, la creaci\u00f3n de una Secretar\u00eda de Estado en materia de Derechos Humanos.<\/p>\n","protected":false},"author":1,"featured_media":0,"comment_status":"open","ping_status":"open","sticky":false,"template":"","format":"standard","meta":{"_seopress_robots_primary_cat":""},"categories":[2464],"tags":[2546],"areas":[],"countries":[],"programas":[],"coauthors":[],"_links":{"self":[{"href":"https:\/\/cerlalc.org\/pt-br\/wp-json\/wp\/v2\/posts\/8348"}],"collection":[{"href":"https:\/\/cerlalc.org\/pt-br\/wp-json\/wp\/v2\/posts"}],"about":[{"href":"https:\/\/cerlalc.org\/pt-br\/wp-json\/wp\/v2\/types\/post"}],"author":[{"embeddable":true,"href":"https:\/\/cerlalc.org\/pt-br\/wp-json\/wp\/v2\/users\/1"}],"replies":[{"embeddable":true,"href":"https:\/\/cerlalc.org\/pt-br\/wp-json\/wp\/v2\/comments?post=8348"}],"version-history":[{"count":0,"href":"https:\/\/cerlalc.org\/pt-br\/wp-json\/wp\/v2\/posts\/8348\/revisions"}],"wp:attachment":[{"href":"https:\/\/cerlalc.org\/pt-br\/wp-json\/wp\/v2\/media?parent=8348"}],"wp:term":[{"taxonomy":"category","embeddable":true,"href":"https:\/\/cerlalc.org\/pt-br\/wp-json\/wp\/v2\/categories?post=8348"},{"taxonomy":"post_tag","embeddable":true,"href":"https:\/\/cerlalc.org\/pt-br\/wp-json\/wp\/v2\/tags?post=8348"},{"taxonomy":"areas","embeddable":true,"href":"https:\/\/cerlalc.org\/pt-br\/wp-json\/wp\/v2\/areas?post=8348"},{"taxonomy":"countries","embeddable":true,"href":"https:\/\/cerlalc.org\/pt-br\/wp-json\/wp\/v2\/countries?post=8348"},{"taxonomy":"programas","embeddable":true,"href":"https:\/\/cerlalc.org\/pt-br\/wp-json\/wp\/v2\/programas?post=8348"},{"taxonomy":"author","embeddable":true,"href":"https:\/\/cerlalc.org\/pt-br\/wp-json\/wp\/v2\/coauthors?post=8348"}],"curies":[{"name":"wp","href":"https:\/\/api.w.org\/{rel}","templated":true}]}}