{"id":8349,"date":"2017-06-07T07:00:32","date_gmt":"2017-06-07T07:00:32","guid":{"rendered":"https:\/\/cerlalc.org\/cleide-aparecida-fernandes-una-bibliotecaria-innovadora\/"},"modified":"2017-06-07T07:00:32","modified_gmt":"2017-06-07T07:00:32","slug":"cleide-aparecida-fernandes-una-bibliotecaria-innovadora","status":"publish","type":"post","link":"https:\/\/cerlalc.org\/pt-br\/cleide-aparecida-fernandes-una-bibliotecaria-innovadora\/","title":{"rendered":"Cleide Aparecida Fernandes, una bibliotecaria innovadora"},"content":{"rendered":"<p>Los bibliotecarios innovadores de Iberoam\u00e9rica tendr\u00e1n muy pronto una nueva cita en Medell\u00edn alrededor de las bibliotecas p\u00fablicas como art\u00edfices de la participaci\u00f3n ciudadana y el cambio social. Desde el Sistema Nacional de Bibliotecas P\u00fablicas de Brasil, Cleide Aparecida Fernandes es una de los gestoras de este cambio.<\/p>\n<p>Esta bibliotecaria y aprendiz de lectura est\u00e1 feliz de trabajar con lo que cree: la lectura y los libros. Como Directora de formaci\u00f3n y Procesamiento T\u00e9cnico de Colecciones, Fernandes trabaja en la formulaci\u00f3n, aplicaci\u00f3n  de las directrices que forman, actualizan y conservan las colecciones de las bibliotecas.  Esta brasile\u00f1a es experta en mediaci\u00f3n de la lectura, extensi\u00f3n bibliotecaria y atenci\u00f3n a las personas con discapacidad visual.<\/p>\n<p>El Tercer encuentro presencial INELI Iberoam\u00e9rica tendr\u00e1 lugar  del 13 al 16 de junio, en los parques biblioteca de la ciudad de Medell\u00edn, Colombia.<\/p>\n","protected":false},"excerpt":{"rendered":"<p>Los bibliotecarios innovadores de Iberoam\u00e9rica tendr\u00e1n muy pronto una nueva cita en Medell\u00edn alrededor de las bibliotecas p\u00fablicas como art\u00edfices de la participaci\u00f3n ciudadana y el cambio social.\u00a0<\/p>\n","protected":false},"author":1,"featured_media":0,"comment_status":"open","ping_status":"open","sticky":false,"template":"","format":"standard","meta":{"_seopress_robots_primary_cat":""},"categories":[2464],"tags":[2525],"areas":[],"countries":[],"programas":[],"coauthors":[],"_links":{"self":[{"href":"https:\/\/cerlalc.org\/pt-br\/wp-json\/wp\/v2\/posts\/8349"}],"collection":[{"href":"https:\/\/cerlalc.org\/pt-br\/wp-json\/wp\/v2\/posts"}],"about":[{"href":"https:\/\/cerlalc.org\/pt-br\/wp-json\/wp\/v2\/types\/post"}],"author":[{"embeddable":true,"href":"https:\/\/cerlalc.org\/pt-br\/wp-json\/wp\/v2\/users\/1"}],"replies":[{"embeddable":true,"href":"https:\/\/cerlalc.org\/pt-br\/wp-json\/wp\/v2\/comments?post=8349"}],"version-history":[{"count":0,"href":"https:\/\/cerlalc.org\/pt-br\/wp-json\/wp\/v2\/posts\/8349\/revisions"}],"wp:attachment":[{"href":"https:\/\/cerlalc.org\/pt-br\/wp-json\/wp\/v2\/media?parent=8349"}],"wp:term":[{"taxonomy":"category","embeddable":true,"href":"https:\/\/cerlalc.org\/pt-br\/wp-json\/wp\/v2\/categories?post=8349"},{"taxonomy":"post_tag","embeddable":true,"href":"https:\/\/cerlalc.org\/pt-br\/wp-json\/wp\/v2\/tags?post=8349"},{"taxonomy":"areas","embeddable":true,"href":"https:\/\/cerlalc.org\/pt-br\/wp-json\/wp\/v2\/areas?post=8349"},{"taxonomy":"countries","embeddable":true,"href":"https:\/\/cerlalc.org\/pt-br\/wp-json\/wp\/v2\/countries?post=8349"},{"taxonomy":"programas","embeddable":true,"href":"https:\/\/cerlalc.org\/pt-br\/wp-json\/wp\/v2\/programas?post=8349"},{"taxonomy":"author","embeddable":true,"href":"https:\/\/cerlalc.org\/pt-br\/wp-json\/wp\/v2\/coauthors?post=8349"}],"curies":[{"name":"wp","href":"https:\/\/api.w.org\/{rel}","templated":true}]}}