{"id":8352,"date":"2017-06-06T11:54:43","date_gmt":"2017-06-06T11:54:43","guid":{"rendered":"https:\/\/cerlalc.org\/la-feria-de-editores-de-buenos-aires-llega-a-su-sexta-edicion\/"},"modified":"2017-06-06T11:54:43","modified_gmt":"2017-06-06T11:54:43","slug":"la-feria-de-editores-de-buenos-aires-llega-a-su-sexta-edicion","status":"publish","type":"post","link":"https:\/\/cerlalc.org\/pt-br\/la-feria-de-editores-de-buenos-aires-llega-a-su-sexta-edicion\/","title":{"rendered":"La Feria de Editores de Buenos Aires llega a su sexta edici\u00f3n"},"content":{"rendered":"<p>Este fin de semana, del 9 al 11 de junio, se llevar\u00e1 a cabo la VI Feria de Editores, un encuentro que re\u00fane a m\u00e1s 140 editoriales peque\u00f1as y medianas de Argentina, Brasil, Chile, Ecuador, Uruguay y Venezuela que trabajan codo a codo para hacerse un lugar en la escena literaria regional. Habr\u00e1 libros para ni\u00f1os, de cocina, ensayo, poes\u00eda, novela, cr\u00f3nica, dise\u00f1o, cine. Tambi\u00e9n charlas, una muestra de fotograf\u00eda de Daniel Merle \u201340 a\u00f1os en 24 fotos, curada por Alejandra L\u00f3pez-, e incluso, por primera vez, un peque\u00f1o sal\u00f3n de derechos pensado junto a Victoria Rodriguez Lacrouts, de la Fundaci\u00f3n TyPA.<\/p>\n<p>En el a\u00f1o 2013 los creadores de Ediciones Godot pensaron que hac\u00eda falta un espacio para que las editoriales peque\u00f1as pudieran mostrar sus libros, y los lectores tuvieran un cara a cara con los editores. Con esa premisa, en la sede de FM La Tribu, se juntaron las primeras quince editoriales. Luego, la feria fue creciendo, en cantidad de participantes y de p\u00fablico, lo que demostr\u00f3 que hab\u00eda una necesidad cultural que buscaba ser abordada.<\/p>\n<p>En 2016 la feria necesitaba crecer y tom\u00f3 como sede la Galer\u00eda de arte Central Newbery. Con m\u00e1s de 400 metros cuadrados de espacio y unas 80 editoriales nacionales, m\u00e1s siete invitadas de Uruguay, Chile y M\u00e9xico se llev\u00f3 a cabo lo que varios diarios no dudaron en catalogar como \u201cuno de los eventos culturales del a\u00f1o\u201d. No faltaron las charlas y los invitados especiales como Mart\u00edn Kohan, Marcelo Cohen y Luis Gusm\u00e1n, entre otros. La visitaron unos 6.000 lectores.<\/p>\n<p>En 2017, la Feria de Editores vuelve a duplicar su espacio. Ahora, en Santos4040 (Santos Dumont 4040), con 900 metros cuadrados y la participaci\u00f3n de nuevos colegas de Latinoam\u00e9rica, como editoriales de Brasil, Ecuador y Venezuela, que se suman a las m\u00e1s de 140 editoriales de Argentina, Chile y Uruguay ya confirmadas.<\/p>\n<p>PROGRAMA EXCLUSIVO PARA BIBLIOTECAS POPULARES<\/p>\n<p>S\u00e1bado 10 de junio <\/p>\n<p>10:30 hs: Invitaci\u00f3n desayuno con las bibliotecas populares.<\/p>\n<p>10 reconocidos libreros recomendar\u00e1n libros de las editoriales participantes.<\/p>\n<p>Desde las 12hs estar\u00e1 abierta la feria exclusivamente para las Bibliotecas Populares.<\/p>\n<p>Viernes 9 y domingo 11 de junio<\/p>\n<p>La Feria estar\u00e1 abierta de 15 a 20 hs<\/p>\n<p>INFORMACION SOBRE EDITORIALES ADHERIDAS Y CATALOGOS: http:\/\/www.feriadeeditores.com.ar\/editoriales.html<\/p>\n<p>+ de 140 editoriales<\/p>\n<p>+ de 4000 t\u00edtulos<\/p>\n<p>Participan editoriales de Ecuador, Brasil, Uruguay, Chile y Venezuela<\/p>\n<p>Entrega de cat\u00e1logos con todos los datos de las editoriales participantes<\/p>\n<p>IMPORTANTE: Para obtener el 50% de descuento debe llevar el comprobante de CUIT de la Biblioteca.<\/p>\n<p>Confirmar asistencia a: libroporciento@conabip.gob.ar<\/p>\n","protected":false},"excerpt":{"rendered":"<p>Este fin de semana,\u00a0del 9 al 11 de junio, se llevar\u00e1 a cabo la VI Feria de Editores,\u00a0un encuentro que re\u00fane a m\u00e1s 140 editoriales peque\u00f1as y medianas de Argentina, Brasil, Chile, Ecuador, Uruguay y Venezuela que trabajan codo a codo para hacerse un lugar en la escena literaria regional.<\/p>\n","protected":false},"author":1,"featured_media":0,"comment_status":"open","ping_status":"open","sticky":false,"template":"","format":"standard","meta":{"_seopress_robots_primary_cat":""},"categories":[2464],"tags":[2484,2486],"areas":[],"countries":[],"programas":[],"coauthors":[],"_links":{"self":[{"href":"https:\/\/cerlalc.org\/pt-br\/wp-json\/wp\/v2\/posts\/8352"}],"collection":[{"href":"https:\/\/cerlalc.org\/pt-br\/wp-json\/wp\/v2\/posts"}],"about":[{"href":"https:\/\/cerlalc.org\/pt-br\/wp-json\/wp\/v2\/types\/post"}],"author":[{"embeddable":true,"href":"https:\/\/cerlalc.org\/pt-br\/wp-json\/wp\/v2\/users\/1"}],"replies":[{"embeddable":true,"href":"https:\/\/cerlalc.org\/pt-br\/wp-json\/wp\/v2\/comments?post=8352"}],"version-history":[{"count":0,"href":"https:\/\/cerlalc.org\/pt-br\/wp-json\/wp\/v2\/posts\/8352\/revisions"}],"wp:attachment":[{"href":"https:\/\/cerlalc.org\/pt-br\/wp-json\/wp\/v2\/media?parent=8352"}],"wp:term":[{"taxonomy":"category","embeddable":true,"href":"https:\/\/cerlalc.org\/pt-br\/wp-json\/wp\/v2\/categories?post=8352"},{"taxonomy":"post_tag","embeddable":true,"href":"https:\/\/cerlalc.org\/pt-br\/wp-json\/wp\/v2\/tags?post=8352"},{"taxonomy":"areas","embeddable":true,"href":"https:\/\/cerlalc.org\/pt-br\/wp-json\/wp\/v2\/areas?post=8352"},{"taxonomy":"countries","embeddable":true,"href":"https:\/\/cerlalc.org\/pt-br\/wp-json\/wp\/v2\/countries?post=8352"},{"taxonomy":"programas","embeddable":true,"href":"https:\/\/cerlalc.org\/pt-br\/wp-json\/wp\/v2\/programas?post=8352"},{"taxonomy":"author","embeddable":true,"href":"https:\/\/cerlalc.org\/pt-br\/wp-json\/wp\/v2\/coauthors?post=8352"}],"curies":[{"name":"wp","href":"https:\/\/api.w.org\/{rel}","templated":true}]}}