{"id":8355,"date":"2017-06-05T06:42:51","date_gmt":"2017-06-05T06:42:51","guid":{"rendered":"https:\/\/cerlalc.org\/rafael-ruiz-perez-un-bibliotecario-innovador\/"},"modified":"2017-06-05T06:42:51","modified_gmt":"2017-06-05T06:42:51","slug":"rafael-ruiz-perez-un-bibliotecario-innovador","status":"publish","type":"post","link":"https:\/\/cerlalc.org\/pt-br\/rafael-ruiz-perez-un-bibliotecario-innovador\/","title":{"rendered":"Rafael Ruiz P\u00e9rez, un bibliotecario innovador"},"content":{"rendered":"<p>Los bibliotecarios innovadores de Iberoam\u00e9rica tendr\u00e1n muy pronto una nueva cita en Medell\u00edn alrededor de las bibliotecas p\u00fablicas como art\u00edfices de la participaci\u00f3n ciudadana y el cambio social. Desde el Ayuntamiento de C\u00f3rdoba, en Andaluc\u00eda, Espa\u00f1a, Rafael Ruiz P\u00e9rez es uno de los gestores de este cambio.<\/p>\n<p>Adem\u00e1s de coordinar la Red de bibliotecas y definir sus l\u00edneas estrat\u00e9gicas a medio y corto plazo,  Rafael Ruiz P\u00e9rez programa y organiza, d\u00eda a d\u00eda, los recursos humanos y materiales de su biblioteca. Como Director de la Red Municipal de Bibliotecas de C\u00f3rdoba, Ruiz encuentra en su trabajo la oportunidad de mostrar a las bibliotecas como agentes activos en el desarrollo educativo y promotores de la participaci\u00f3n de la ciudadan\u00eda en la vida social y cultural.<\/p>\n<p>El Tercer encuentro presencial INELI Iberoam\u00e9rica tendr\u00e1 lugar  del 13 al 16 de junio, en los parques biblioteca de la ciudad de Medell\u00edn, Colombia. El perfil completo de Rafael Ruiz P\u00e9rez puede leerse aqu\u00ed.<\/p>\n","protected":false},"excerpt":{"rendered":"<p>Los bibliotecarios innovadores de Iberoam\u00e9rica tendr\u00e1n muy pronto una nueva cita en Medell\u00edn alrededor de las bibliotecas p\u00fablicas como art\u00edfices de la participaci\u00f3n ciudadana y el cambio social.\u00a0<\/p>\n","protected":false},"author":1,"featured_media":0,"comment_status":"open","ping_status":"open","sticky":false,"template":"","format":"standard","meta":{"_seopress_robots_primary_cat":""},"categories":[2464],"tags":[2525],"areas":[],"countries":[],"programas":[],"coauthors":[],"_links":{"self":[{"href":"https:\/\/cerlalc.org\/pt-br\/wp-json\/wp\/v2\/posts\/8355"}],"collection":[{"href":"https:\/\/cerlalc.org\/pt-br\/wp-json\/wp\/v2\/posts"}],"about":[{"href":"https:\/\/cerlalc.org\/pt-br\/wp-json\/wp\/v2\/types\/post"}],"author":[{"embeddable":true,"href":"https:\/\/cerlalc.org\/pt-br\/wp-json\/wp\/v2\/users\/1"}],"replies":[{"embeddable":true,"href":"https:\/\/cerlalc.org\/pt-br\/wp-json\/wp\/v2\/comments?post=8355"}],"version-history":[{"count":0,"href":"https:\/\/cerlalc.org\/pt-br\/wp-json\/wp\/v2\/posts\/8355\/revisions"}],"wp:attachment":[{"href":"https:\/\/cerlalc.org\/pt-br\/wp-json\/wp\/v2\/media?parent=8355"}],"wp:term":[{"taxonomy":"category","embeddable":true,"href":"https:\/\/cerlalc.org\/pt-br\/wp-json\/wp\/v2\/categories?post=8355"},{"taxonomy":"post_tag","embeddable":true,"href":"https:\/\/cerlalc.org\/pt-br\/wp-json\/wp\/v2\/tags?post=8355"},{"taxonomy":"areas","embeddable":true,"href":"https:\/\/cerlalc.org\/pt-br\/wp-json\/wp\/v2\/areas?post=8355"},{"taxonomy":"countries","embeddable":true,"href":"https:\/\/cerlalc.org\/pt-br\/wp-json\/wp\/v2\/countries?post=8355"},{"taxonomy":"programas","embeddable":true,"href":"https:\/\/cerlalc.org\/pt-br\/wp-json\/wp\/v2\/programas?post=8355"},{"taxonomy":"author","embeddable":true,"href":"https:\/\/cerlalc.org\/pt-br\/wp-json\/wp\/v2\/coauthors?post=8355"}],"curies":[{"name":"wp","href":"https:\/\/api.w.org\/{rel}","templated":true}]}}