{"id":8356,"date":"2017-06-05T00:00:00","date_gmt":"2017-06-05T00:00:00","guid":{"rendered":"https:\/\/cerlalc.org\/ecuador-inicia-la-reforma-de-su-codigo-de-la-ninez-y-adolescencia-3\/"},"modified":"2017-06-05T00:00:00","modified_gmt":"2017-06-05T00:00:00","slug":"ecuador-inicia-la-reforma-de-su-codigo-de-la-ninez-y-adolescencia-3","status":"publish","type":"post","link":"https:\/\/cerlalc.org\/pt-br\/ecuador-inicia-la-reforma-de-su-codigo-de-la-ninez-y-adolescencia-3\/","title":{"rendered":"Ecuador inicia la reforma de su C\u00f3digo de la Ni\u00f1ez y Adolescencia"},"content":{"rendered":"<p>Marcela Agui\u00f1aga, presidenta de la Asamplea Nacional del Ecuador, conovoc\u00f3 el pasado 31 de mayo a la Comisi\u00f3n de Justicia para iniciar el tr\u00e1mite del proyecto de Reformas al C\u00f3digo de la Ni\u00f1ez y Adolescencia.<\/p>\n<p>En la d\u00e9cada precedente los programas nacionales de educaci\u00f3n se enfocaron a lograr la atenci\u00f3n \u2018de calidad con calidez\u2019, la dotaci\u00f3n de bienes y servicios para garantizar el acceso a la alimentaci\u00f3n, uniformes y textos educativos, desde la educaci\u00f3n, al tiempo que se establecieron pol\u00edticas p\u00fablicas relacionadas con los derechos de ni\u00f1as, ni\u00f1os y adolescentes. La reforma actual plantea, entre otros puntos, que la madre y el padre tengan las mismas responsabilidades de manutenci\u00f3n, toma de decisiones repecto a la crianza, educaci\u00f3n, formaci\u00f3n, salud y vivienda. Esta responsabilidad se mantendr\u00eda independientemente del estado civil de los padres y despu\u00e9s del caso de separaci\u00f3n.<\/p>\n<p>Entre los convocados a participar en este encuentro constan Salim Zaidan Albuja, fundador de \u201cPor amor a nuestros hijos\u201d, agrupaci\u00f3n a favor de la custodia compartida y la corresponsabilidad parental; Andr\u00e9s Ortiz Lemos, catedr\u00e1tico universitario; y Sonia Merlyn, abogada litigante en temas de familia y docente universitaria.<\/p>\n<p>Tambi\u00e9n escuchar\u00e1 los criterios de Albina Moreno, del colectivo Mujeres Urbanas; Lorena D\u00e1valos, del colectivo de la Sociedad Civil por los derechos de la Ni\u00f1ez; y, a Marisol Pe\u00f1afiel Montesdeoca, del Movimiento Colectivo por la Ni\u00f1ez y Adolescencia.<\/p>\n","protected":false},"excerpt":{"rendered":"<p>Inicio de la reforma sobre el c\u00f3digo de la ni\u00f1ez y la adolescencia en Ecuador<\/p>\n","protected":false},"author":60,"featured_media":7549,"comment_status":"open","ping_status":"open","sticky":false,"template":"","format":"standard","meta":{"_seopress_robots_primary_cat":""},"categories":[2464,2479],"tags":[2510,2467],"areas":[],"countries":[],"programas":[],"coauthors":[2232],"_links":{"self":[{"href":"https:\/\/cerlalc.org\/pt-br\/wp-json\/wp\/v2\/posts\/8356"}],"collection":[{"href":"https:\/\/cerlalc.org\/pt-br\/wp-json\/wp\/v2\/posts"}],"about":[{"href":"https:\/\/cerlalc.org\/pt-br\/wp-json\/wp\/v2\/types\/post"}],"author":[{"embeddable":true,"href":"https:\/\/cerlalc.org\/pt-br\/wp-json\/wp\/v2\/users\/60"}],"replies":[{"embeddable":true,"href":"https:\/\/cerlalc.org\/pt-br\/wp-json\/wp\/v2\/comments?post=8356"}],"version-history":[{"count":0,"href":"https:\/\/cerlalc.org\/pt-br\/wp-json\/wp\/v2\/posts\/8356\/revisions"}],"wp:featuredmedia":[{"embeddable":true,"href":"https:\/\/cerlalc.org\/pt-br\/wp-json\/wp\/v2\/media\/7549"}],"wp:attachment":[{"href":"https:\/\/cerlalc.org\/pt-br\/wp-json\/wp\/v2\/media?parent=8356"}],"wp:term":[{"taxonomy":"category","embeddable":true,"href":"https:\/\/cerlalc.org\/pt-br\/wp-json\/wp\/v2\/categories?post=8356"},{"taxonomy":"post_tag","embeddable":true,"href":"https:\/\/cerlalc.org\/pt-br\/wp-json\/wp\/v2\/tags?post=8356"},{"taxonomy":"areas","embeddable":true,"href":"https:\/\/cerlalc.org\/pt-br\/wp-json\/wp\/v2\/areas?post=8356"},{"taxonomy":"countries","embeddable":true,"href":"https:\/\/cerlalc.org\/pt-br\/wp-json\/wp\/v2\/countries?post=8356"},{"taxonomy":"programas","embeddable":true,"href":"https:\/\/cerlalc.org\/pt-br\/wp-json\/wp\/v2\/programas?post=8356"},{"taxonomy":"author","embeddable":true,"href":"https:\/\/cerlalc.org\/pt-br\/wp-json\/wp\/v2\/coauthors?post=8356"}],"curies":[{"name":"wp","href":"https:\/\/api.w.org\/{rel}","templated":true}]}}