{"id":8360,"date":"2017-06-01T08:25:32","date_gmt":"2017-06-01T08:25:32","guid":{"rendered":"https:\/\/cerlalc.org\/wander-martins-un-bibliotecario-innovador\/"},"modified":"2017-06-01T08:25:32","modified_gmt":"2017-06-01T08:25:32","slug":"wander-martins-un-bibliotecario-innovador","status":"publish","type":"post","link":"https:\/\/cerlalc.org\/pt-br\/wander-martins-un-bibliotecario-innovador\/","title":{"rendered":"Wander Martins, un bibliotecario innovador"},"content":{"rendered":"<p>Los bibliotecarios innovadores de Iberoam\u00e9rica tendr\u00e1n muy pronto una nueva cita en Medell\u00edn alrededor de las bibliotecas p\u00fablicas como art\u00edfices de la participaci\u00f3n ciudadana y el cambio social. Desde la biblioteca de la Casa Thomas Jefferson, en Brasilia, Wander Martins Borges Filho es uno de los gestores de este cambio.<\/p>\n<p>Wander ha trabajado como bibliotecario del proyecto J\u00f3venes del Expresi\u00f3n, un espacio cultural gestionado por La Red Urbana de Acciones Sociales y Culturales, RUAS, en Brasil. Graduado en Biblioteconom\u00eda por la Universidad de Brasilia, Borges Filho tambi\u00e9n es coordinador de la biblioteca escolar en el Colegio San Antonio de la Red Educativa Franciscana de Brasil y hace parte de la Red de Bibliotecarios Creativos e Innovadores de iberoamerica, Ineli.<\/p>\n<p>Para este brasile\u00f1o, la responsabilidad como bibliotecario est\u00e1 en fomentar acciones culturales transversales; promover la valorizaci\u00f3n simb\u00f3lica del libro y la lectura; formar la audiencia asistente del espacio p\u00fablico. \u201cEl acceso a la informaci\u00f3n no siempre es suficiente para cambiar la vida de los j\u00f3venes\u201d se\u00f1al\u00f3 en una entrevista realizada por la la Fundaci\u00f3n Germ\u00e1n S\u00e1nchez Rupi\u00e9rez .\u201cLa misi\u00f3n de una biblioteca en este contexto social es tratar de promover el encanto de la experiencia y la transformaci\u00f3n. Creo que las bibliotecas deben ser realmente un lugar de encuentro, de intercambio, de la creaci\u00f3n y la producci\u00f3n creativa.\u201d<\/p>\n<p>El Tercer encuentro presencial INELI Iberoam\u00e9rica tendr\u00e1 lugar  del 13 al 16 de junio, en los parques biblioteca de la ciudad de Medell\u00edn, Colombia.<\/p>\n","protected":false},"excerpt":{"rendered":"<p>Los bibliotecarios innovadores de Iberoam\u00e9rica tendr\u00e1n muy pronto una nueva cita en Medell\u00edn alrededor de las bibliotecas p\u00fablicas como art\u00edfices de la participaci\u00f3n ciudadana y el cambio social.\u00a0<\/p>\n","protected":false},"author":1,"featured_media":0,"comment_status":"open","ping_status":"open","sticky":false,"template":"","format":"standard","meta":{"_seopress_robots_primary_cat":""},"categories":[2464],"tags":[2525],"areas":[],"countries":[],"programas":[],"coauthors":[],"_links":{"self":[{"href":"https:\/\/cerlalc.org\/pt-br\/wp-json\/wp\/v2\/posts\/8360"}],"collection":[{"href":"https:\/\/cerlalc.org\/pt-br\/wp-json\/wp\/v2\/posts"}],"about":[{"href":"https:\/\/cerlalc.org\/pt-br\/wp-json\/wp\/v2\/types\/post"}],"author":[{"embeddable":true,"href":"https:\/\/cerlalc.org\/pt-br\/wp-json\/wp\/v2\/users\/1"}],"replies":[{"embeddable":true,"href":"https:\/\/cerlalc.org\/pt-br\/wp-json\/wp\/v2\/comments?post=8360"}],"version-history":[{"count":0,"href":"https:\/\/cerlalc.org\/pt-br\/wp-json\/wp\/v2\/posts\/8360\/revisions"}],"wp:attachment":[{"href":"https:\/\/cerlalc.org\/pt-br\/wp-json\/wp\/v2\/media?parent=8360"}],"wp:term":[{"taxonomy":"category","embeddable":true,"href":"https:\/\/cerlalc.org\/pt-br\/wp-json\/wp\/v2\/categories?post=8360"},{"taxonomy":"post_tag","embeddable":true,"href":"https:\/\/cerlalc.org\/pt-br\/wp-json\/wp\/v2\/tags?post=8360"},{"taxonomy":"areas","embeddable":true,"href":"https:\/\/cerlalc.org\/pt-br\/wp-json\/wp\/v2\/areas?post=8360"},{"taxonomy":"countries","embeddable":true,"href":"https:\/\/cerlalc.org\/pt-br\/wp-json\/wp\/v2\/countries?post=8360"},{"taxonomy":"programas","embeddable":true,"href":"https:\/\/cerlalc.org\/pt-br\/wp-json\/wp\/v2\/programas?post=8360"},{"taxonomy":"author","embeddable":true,"href":"https:\/\/cerlalc.org\/pt-br\/wp-json\/wp\/v2\/coauthors?post=8360"}],"curies":[{"name":"wp","href":"https:\/\/api.w.org\/{rel}","templated":true}]}}