{"id":8364,"date":"2017-05-31T07:00:47","date_gmt":"2017-05-31T07:00:47","guid":{"rendered":"https:\/\/cerlalc.org\/el-congreso-colombiano-aprueba-la-ley-pepe-sanchez\/"},"modified":"2017-05-31T07:00:47","modified_gmt":"2017-05-31T07:00:47","slug":"el-congreso-colombiano-aprueba-la-ley-pepe-sanchez","status":"publish","type":"post","link":"https:\/\/cerlalc.org\/pt-br\/el-congreso-colombiano-aprueba-la-ley-pepe-sanchez\/","title":{"rendered":"El congreso colombiano aprueba la \u201cLey Pepe S\u00e1nchez\u201d"},"content":{"rendered":"<p>Los autores de obras cinematogr\u00e1ficas celebraron la aprobaci\u00f3n de la \u201cLey Pepe S\u00e1nchez\u201d que reconoce un derecho de remuneraci\u00f3n a su favor por la comunicaci\u00f3n al p\u00fablico de sus creaciones.<\/p>\n<p>En Colombia como en muchos otros pa\u00edses se presume que, salvo estipulaci\u00f3n en contrario, los derechos econ\u00f3micos sobre las obras cinematogr\u00e1ficas est\u00e1n en cabeza del productor. Los directores, guionistas, m\u00fasicos y dibujantes que intervienen en la creaci\u00f3n de estas obras no siempre tienen la capacidad de negociaci\u00f3n necesaria para pactar en contra de tal presunci\u00f3n por lo que en la pr\u00e1ctica es habitual que cedan todos los derechos patrimoniales a favor del productor.<\/p>\n<p>El prop\u00f3sito de la Ley, nombrada en homenaje a un importante actor, director y guionista colombiano, es garantizar que dichos autores obtengan regal\u00edas por las comunicaciones al p\u00fablico de estos contenidos aun cuando hayan transferido sus derechos.<\/p>\n<p>Como se trata de un derecho de mera remuneraci\u00f3n, los creadores tendr\u00e1n la potestad de exigir un pago a quien realice la comunicaci\u00f3n pero no la de oponerse a la normal explotaci\u00f3n de la obra; as\u00ed, los guionistas no podr\u00edan rechazar, por ejemplo, la distribuci\u00f3n de una pel\u00edcula en ciertas condiciones espec\u00edficas.<\/p>\n<p>Para recaudar y distribuir gran parte de estos derechos, se cre\u00f3 DASC (Directores Audiovisuales, Sociedad Colombiana de Gesti\u00f3n) que impuls\u00f3, de la mano de los autores y de la Red Colombiana de Escritores Audiovisuales (REDES), la aprobaci\u00f3n de esta iniciativa. La Sociedad podr\u00e1 iniciar actividades una vez la Direcci\u00f3n Nacional de Derecho de Autor le reconozca personer\u00eda y autorice su funcionamiento.<\/p>\n<p>La representante a la c\u00e1mara Clara Rojas, quien present\u00f3 el proyecto ante el congreso, se\u00f1al\u00f3 que por la comunicaci\u00f3n de estas obras \u201cse estima que Colombia podr\u00eda recaudar anualmente en el mundo unos 15 millones de euros anuales\u201d.<\/p>\n<p>En octubre del a\u00f1o pasado, Chile aprob\u00f3 una norma similar, la Ley Ricardo Larrain, que reconoce el derecho irrenunciable a percibir remuneraci\u00f3n por la comunicaci\u00f3n p\u00fablica, puesta a disposici\u00f3n, arrendamiento y utilizaci\u00f3n directa con fines de lucro de las obras audiovisuales, pero solo beneficia a los directores y guionistas.<\/p>\n","protected":false},"excerpt":{"rendered":"<p>Los autores de obras cinematogr\u00e1ficas celebraron la aprobaci\u00f3n de la \u201cLey Pepe S\u00e1nchez\u201d que reconoce un derecho de remuneraci\u00f3n a su favor por la comunicaci\u00f3n al p\u00fablico de sus creaciones.<\/p>\n","protected":false},"author":1,"featured_media":0,"comment_status":"open","ping_status":"open","sticky":false,"template":"","format":"standard","meta":{"_seopress_robots_primary_cat":""},"categories":[2464],"tags":[2507,2493,2510],"areas":[],"countries":[],"programas":[],"coauthors":[],"_links":{"self":[{"href":"https:\/\/cerlalc.org\/pt-br\/wp-json\/wp\/v2\/posts\/8364"}],"collection":[{"href":"https:\/\/cerlalc.org\/pt-br\/wp-json\/wp\/v2\/posts"}],"about":[{"href":"https:\/\/cerlalc.org\/pt-br\/wp-json\/wp\/v2\/types\/post"}],"author":[{"embeddable":true,"href":"https:\/\/cerlalc.org\/pt-br\/wp-json\/wp\/v2\/users\/1"}],"replies":[{"embeddable":true,"href":"https:\/\/cerlalc.org\/pt-br\/wp-json\/wp\/v2\/comments?post=8364"}],"version-history":[{"count":0,"href":"https:\/\/cerlalc.org\/pt-br\/wp-json\/wp\/v2\/posts\/8364\/revisions"}],"wp:attachment":[{"href":"https:\/\/cerlalc.org\/pt-br\/wp-json\/wp\/v2\/media?parent=8364"}],"wp:term":[{"taxonomy":"category","embeddable":true,"href":"https:\/\/cerlalc.org\/pt-br\/wp-json\/wp\/v2\/categories?post=8364"},{"taxonomy":"post_tag","embeddable":true,"href":"https:\/\/cerlalc.org\/pt-br\/wp-json\/wp\/v2\/tags?post=8364"},{"taxonomy":"areas","embeddable":true,"href":"https:\/\/cerlalc.org\/pt-br\/wp-json\/wp\/v2\/areas?post=8364"},{"taxonomy":"countries","embeddable":true,"href":"https:\/\/cerlalc.org\/pt-br\/wp-json\/wp\/v2\/countries?post=8364"},{"taxonomy":"programas","embeddable":true,"href":"https:\/\/cerlalc.org\/pt-br\/wp-json\/wp\/v2\/programas?post=8364"},{"taxonomy":"author","embeddable":true,"href":"https:\/\/cerlalc.org\/pt-br\/wp-json\/wp\/v2\/coauthors?post=8364"}],"curies":[{"name":"wp","href":"https:\/\/api.w.org\/{rel}","templated":true}]}}