{"id":8382,"date":"2017-05-23T05:00:10","date_gmt":"2017-05-23T05:00:10","guid":{"rendered":"https:\/\/cerlalc.org\/paraguay-presenta-el-primer-plan-de-propiedad-intelectual\/"},"modified":"2017-05-23T05:00:10","modified_gmt":"2017-05-23T05:00:10","slug":"paraguay-presenta-el-primer-plan-de-propiedad-intelectual","status":"publish","type":"post","link":"https:\/\/cerlalc.org\/pt-br\/paraguay-presenta-el-primer-plan-de-propiedad-intelectual\/","title":{"rendered":"Paraguay presenta el primer Plan de Propiedad Intelectual"},"content":{"rendered":"<p>por: Angie Lorena Garc\u00eda G\u00f3ngora<br \/>\nLa Direcci\u00f3n Nacional de Propiedad Intelectual (DINAPI) present\u00f3 el pasado 8 de mayo el \u201cPlan de Pol\u00edtica Nacional de Propiedad Intelectual 2030\u201d al cual asisti\u00f3 El director General de la Organizaci\u00f3n Mundial de la Propiedad Intelectual (OMPI), Francis Gurry.<\/p>\n<p>Este plan busca dinamizar y fortalecer el panorama de la Propiedad Intelectual, utiliz\u00e1ndola como herramienta para reducir la pobreza. La idea es consolidar la Propiedad Intelectual en Paraguay a trav\u00e9s de la lucha contra la pirater\u00eda por medio del registro de marcas, patentes y derechos de autor.<\/p>\n<p>Gurry hizo \u00e9nfasis en el gran potencial que tiene Paraguay para desarrollar los derechos de Propiedad Intelectual.\u201dExisten muchas oportunidades en este hermoso pa\u00eds\u2026 Hay que aprovechar la poblaci\u00f3n joven para la existencia de una industria del arte y el videojuego\u201d, afirm\u00f3 el Director General.<\/p>\n<p>Tambi\u00e9n manifest\u00f3 su intenci\u00f3n de fortalecer los lazos de cooperaci\u00f3n entre la OMPI y Paraguay con motivo del fortalecimiento de la Propiedad Intelectual en Paraguay.<\/p>\n<p>La directora del DINAPI , Patricia Stanley, inform\u00f3 que en los pr\u00f3ximos meses se prev\u00e9 inaugurar un aula tecnol\u00f3gica para el sector terciario, con el fin de seguir optimizando el cumplimiento de las leyes de propiedad intelectual y de esta manera la misma pueda ser utilizada como elemento de desarrollo para el Paraguay.<\/p>\n<p>Hasta el momento s\u00f3lo se conocen p\u00fablicamente los objetivos mencionados del Plan de Propiedad Intelectual, sin embargo se espera que cuente con mecanismos adecuados para la materializar dichos objetivos.<\/p>\n","protected":false},"excerpt":{"rendered":"<p>La Direcci\u00f3n Nacional de Propiedad Intelectual (DINAPI) present\u00f3 el pasado 8 de mayo el \u201cPlan de Pol\u00edtica Nacional de Propiedad Intelectual 2030\u201d al cual asisti\u00f3 El director General de la Organizaci\u00f3n Mundial de la Propiedad Intelectual (OMPI), Francis Gurry.<\/p>\n","protected":false},"author":1,"featured_media":0,"comment_status":"open","ping_status":"open","sticky":false,"template":"","format":"standard","meta":{"_seopress_robots_primary_cat":""},"categories":[2464],"tags":[2493,2510,2501],"areas":[],"countries":[],"programas":[],"coauthors":[],"_links":{"self":[{"href":"https:\/\/cerlalc.org\/pt-br\/wp-json\/wp\/v2\/posts\/8382"}],"collection":[{"href":"https:\/\/cerlalc.org\/pt-br\/wp-json\/wp\/v2\/posts"}],"about":[{"href":"https:\/\/cerlalc.org\/pt-br\/wp-json\/wp\/v2\/types\/post"}],"author":[{"embeddable":true,"href":"https:\/\/cerlalc.org\/pt-br\/wp-json\/wp\/v2\/users\/1"}],"replies":[{"embeddable":true,"href":"https:\/\/cerlalc.org\/pt-br\/wp-json\/wp\/v2\/comments?post=8382"}],"version-history":[{"count":0,"href":"https:\/\/cerlalc.org\/pt-br\/wp-json\/wp\/v2\/posts\/8382\/revisions"}],"wp:attachment":[{"href":"https:\/\/cerlalc.org\/pt-br\/wp-json\/wp\/v2\/media?parent=8382"}],"wp:term":[{"taxonomy":"category","embeddable":true,"href":"https:\/\/cerlalc.org\/pt-br\/wp-json\/wp\/v2\/categories?post=8382"},{"taxonomy":"post_tag","embeddable":true,"href":"https:\/\/cerlalc.org\/pt-br\/wp-json\/wp\/v2\/tags?post=8382"},{"taxonomy":"areas","embeddable":true,"href":"https:\/\/cerlalc.org\/pt-br\/wp-json\/wp\/v2\/areas?post=8382"},{"taxonomy":"countries","embeddable":true,"href":"https:\/\/cerlalc.org\/pt-br\/wp-json\/wp\/v2\/countries?post=8382"},{"taxonomy":"programas","embeddable":true,"href":"https:\/\/cerlalc.org\/pt-br\/wp-json\/wp\/v2\/programas?post=8382"},{"taxonomy":"author","embeddable":true,"href":"https:\/\/cerlalc.org\/pt-br\/wp-json\/wp\/v2\/coauthors?post=8382"}],"curies":[{"name":"wp","href":"https:\/\/api.w.org\/{rel}","templated":true}]}}