{"id":8392,"date":"2017-05-19T05:40:53","date_gmt":"2017-05-19T05:40:53","guid":{"rendered":"https:\/\/cerlalc.org\/inicia-la-feria-internacional-del-libro-asuncion-2017\/"},"modified":"2017-05-19T05:40:53","modified_gmt":"2017-05-19T05:40:53","slug":"inicia-la-feria-internacional-del-libro-asuncion-2017","status":"publish","type":"post","link":"https:\/\/cerlalc.org\/pt-br\/inicia-la-feria-internacional-del-libro-asuncion-2017\/","title":{"rendered":"Inicia la Feria Internacional del Libro Asunci\u00f3n 2017"},"content":{"rendered":"<p>La Feria Internacional del Libro (FIL ASUNCI\u00d3N 2017), regresa este a\u00f1o homenajeando el centenario del nacimiento de Augusto Roa Bastos (1917-2017) y para ello prev\u00e9 varias actividades con invitados internacionales y locales.<\/p>\n<p>Del lanzamiento particip\u00f3 el director de Comunicaci\u00f3n de la Secretar\u00eda Nacional de Cultura (SNC), Adri\u00e1n Cattivelli, en representaci\u00f3n del ministro Fernando Griffith. Estuvieron presentes tambi\u00e9n Carmen Da Costa Galeano, presidenta de la C\u00e1mara del Libro Asunci\u00f3n Paraguay (CLAP); Mirta Roa, de la Fundaci\u00f3n Roa Bastos, Vidalia S\u00e1nchez, directora de la Editorial Servilibro, entre otros.<\/p>\n<p>Este a\u00f1o, la Feria se realizar\u00e1 del 1\u00ba al 12 de junio, en el Centro de Convenciones Mariscal L\u00f3pez, situado en las calles Eulogio Estigarribia y Charles de Gaulle del barrio Villa Morra de nuestra capital. La inauguraci\u00f3n oficial se realizar\u00e1 el viernes 02 de junio, a las 19 horas, en presencia de autoridades nacionales e invitados internacionales.<\/p>\n<p>La feria contar\u00e1 con la participaci\u00f3n de 55 expositores distribuidos en 104 stands, con 5000 metros cuadrados de libros, representando una gran variedad de opciones para los amantes de la lectura.<\/p>\n<p>Dentro del marco de los homenajes a Augusto Roa Bastos, la FIL Asunci\u00f3n 2017 presentar\u00e1 el \u201cCongreso Internacional Roa Bastos\u201d, a realizarse los d\u00edas 7 y 8 de uno de 14:00 a 22:00 horas, con presencia de m\u00e1s de 20 especialistas internacionales y 30 expertos locales.<\/p>\n<p>As\u00ed tambi\u00e9n, Adri\u00e1n Cattivelli, remarc\u00f3 la presencia de la SNC en la feria, anunciando la marat\u00f3n de lectura de la obra cumbre del premio Cervantes 1989, \u201cYo el Supremo\u201d, que se realizar\u00e1 los d\u00edas 10 y 11 de junio, experiencia que promete ser \u00fanica.<\/p>\n<p>Otro evento importante dentro de la feria ser\u00e1 el 8\u00ba Encuentro Internacional de Oralidad del Paraguay \u201cLa patria que late en m\u00ed\u201d, del 3 al 9 de junio, en donde participar\u00e1n 12 narradores de cuentos representantes de pa\u00edses como M\u00e9xico, Venezuela, Colombia, Cuba, Argentina, Brasil y Paraguay.<\/p>\n<p>Se realizar\u00e1 adem\u00e1s la presentaci\u00f3n de la tira c\u00f3mica \u201cMafalda\u201d, de Quino, traducida al Guaran\u00ed, siendo la primera traducci\u00f3n de este c\u00f3mic a una lengua de pueblos originarios.<\/p>\n<p>Por otro lado, se anuncia tambi\u00e9n la participaci\u00f3n de la Orquesta de Reciclados de Cateura, que brindar\u00e1 una gran actuaci\u00f3n el d\u00eda s\u00e1bado 03 de junio de 20:00 a 21:00 horas.<\/p>\n","protected":false},"excerpt":{"rendered":"<p>La Feria Internacional del Libro (FIL ASUNCI\u00d3N 2017), regresa este a\u00f1o homenajeando el centenario del nacimiento de Augusto Roa Bastos (1917-2017) y para ello prev\u00e9 varias actividades con invitados internacionales y locales.<\/p>\n","protected":false},"author":1,"featured_media":0,"comment_status":"open","ping_status":"open","sticky":false,"template":"","format":"standard","meta":{"_seopress_robots_primary_cat":""},"categories":[2464],"tags":[2486],"areas":[],"countries":[],"programas":[],"coauthors":[],"_links":{"self":[{"href":"https:\/\/cerlalc.org\/pt-br\/wp-json\/wp\/v2\/posts\/8392"}],"collection":[{"href":"https:\/\/cerlalc.org\/pt-br\/wp-json\/wp\/v2\/posts"}],"about":[{"href":"https:\/\/cerlalc.org\/pt-br\/wp-json\/wp\/v2\/types\/post"}],"author":[{"embeddable":true,"href":"https:\/\/cerlalc.org\/pt-br\/wp-json\/wp\/v2\/users\/1"}],"replies":[{"embeddable":true,"href":"https:\/\/cerlalc.org\/pt-br\/wp-json\/wp\/v2\/comments?post=8392"}],"version-history":[{"count":0,"href":"https:\/\/cerlalc.org\/pt-br\/wp-json\/wp\/v2\/posts\/8392\/revisions"}],"wp:attachment":[{"href":"https:\/\/cerlalc.org\/pt-br\/wp-json\/wp\/v2\/media?parent=8392"}],"wp:term":[{"taxonomy":"category","embeddable":true,"href":"https:\/\/cerlalc.org\/pt-br\/wp-json\/wp\/v2\/categories?post=8392"},{"taxonomy":"post_tag","embeddable":true,"href":"https:\/\/cerlalc.org\/pt-br\/wp-json\/wp\/v2\/tags?post=8392"},{"taxonomy":"areas","embeddable":true,"href":"https:\/\/cerlalc.org\/pt-br\/wp-json\/wp\/v2\/areas?post=8392"},{"taxonomy":"countries","embeddable":true,"href":"https:\/\/cerlalc.org\/pt-br\/wp-json\/wp\/v2\/countries?post=8392"},{"taxonomy":"programas","embeddable":true,"href":"https:\/\/cerlalc.org\/pt-br\/wp-json\/wp\/v2\/programas?post=8392"},{"taxonomy":"author","embeddable":true,"href":"https:\/\/cerlalc.org\/pt-br\/wp-json\/wp\/v2\/coauthors?post=8392"}],"curies":[{"name":"wp","href":"https:\/\/api.w.org\/{rel}","templated":true}]}}