{"id":8394,"date":"2017-05-19T05:34:16","date_gmt":"2017-05-19T05:34:16","guid":{"rendered":"https:\/\/cerlalc.org\/politica-nacional-de-peru-es-publicada-en-8-lenguas-originarias\/"},"modified":"2017-05-19T05:34:16","modified_gmt":"2017-05-19T05:34:16","slug":"politica-nacional-de-peru-es-publicada-en-8-lenguas-originarias","status":"publish","type":"post","link":"https:\/\/cerlalc.org\/pt-br\/politica-nacional-de-peru-es-publicada-en-8-lenguas-originarias\/","title":{"rendered":"Pol\u00edtica Nacional de Per\u00fa es publicada en 8 lenguas originarias"},"content":{"rendered":"<p>Con el objetivo de integrar los aportes de entidades p\u00fablicas y privadas, de la sociedad civil as\u00ed como de la ciudadan\u00eda en general,  el Ministerio de Cultura de Per\u00fa informa que hasta el 8 de junio se podr\u00e1 consultar el documento sobre la Pol\u00edtica Nacional de Lenguas Originarias, Tradici\u00f3n Oral e Interculturalidad.<\/p>\n<p>Seg\u00fan Alfredo Luna, viceministro de Interculturalidad, \u201cen el Per\u00fa existen 47 lenguas ind\u00edgenas u originarias. En este marco, la referida Pol\u00edtica plantea al Estado las prioridades en materia de lenguas nativas en todos los niveles de gobierno y establece lineamientos para garantizar los derechos ling\u00fc\u00edsticos de sus hablantes\u201d.<\/p>\n<p>La Pol\u00edtica Nacional de Lenguas Originarias, Tradici\u00f3n Oral e Interculturalidad refuerza que cada lengua nativa, \u201crepresenta una conjunci\u00f3n de saberes, historias, costumbres as\u00ed como una forma particular de interpretar la vida e interactuar con el entorno. A trav\u00e9s de estas, los pueblos conservan y transmiten sus afectos, tradiciones, cosmovisiones, valores y conocimientos a las siguientes generaciones y al mundo. Por eso, las lenguas son parte esencial de la identificad cultural y social de los pueblos ind\u00edgenas del Per\u00fa (\u2026)\u201d.<\/p>\n<p>Importante<\/p>\n<p>Alfredo Luna Brice\u00f1o, viceministro de Interculturalidad mencion\u00f3 que el texto de la propuesta ha sido elaborado por una Comisi\u00f3n Multisectorial creada en el marco de la Ley de Lenguas N\u00b0 29735, la cual es conformada por representantes de 13 entidades del sector p\u00fablico y dos organizaciones ind\u00edgenas (AIDESEP Y UNCA) elegidas en representaci\u00f3n del Grupo de Trabajo de Pol\u00edticas Ind\u00edgenas (GTPI), espacio permanente de coordinaci\u00f3n y di\u00e1logo entre los pueblos ind\u00edgenas y el Poder Ejecutivo.<\/p>\n","protected":false},"excerpt":{"rendered":"<p>Con el objetivo de integrar los aportes de entidades p\u00fablicas y privadas, de la sociedad civil as\u00ed como de la ciudadan\u00eda en general,  el Ministerio de Cultura de Per\u00fa informa que hasta el 8 de junio se podr\u00e1 consultar el documento sobre la Pol\u00edtica Nacional de Lenguas Originarias, Tradici\u00f3n Oral e Interculturalidad.<\/p>\n","protected":false},"author":1,"featured_media":0,"comment_status":"open","ping_status":"open","sticky":false,"template":"","format":"standard","meta":{"_seopress_robots_primary_cat":""},"categories":[2464],"tags":[2471,2541,2524],"areas":[],"countries":[],"programas":[],"coauthors":[],"_links":{"self":[{"href":"https:\/\/cerlalc.org\/pt-br\/wp-json\/wp\/v2\/posts\/8394"}],"collection":[{"href":"https:\/\/cerlalc.org\/pt-br\/wp-json\/wp\/v2\/posts"}],"about":[{"href":"https:\/\/cerlalc.org\/pt-br\/wp-json\/wp\/v2\/types\/post"}],"author":[{"embeddable":true,"href":"https:\/\/cerlalc.org\/pt-br\/wp-json\/wp\/v2\/users\/1"}],"replies":[{"embeddable":true,"href":"https:\/\/cerlalc.org\/pt-br\/wp-json\/wp\/v2\/comments?post=8394"}],"version-history":[{"count":0,"href":"https:\/\/cerlalc.org\/pt-br\/wp-json\/wp\/v2\/posts\/8394\/revisions"}],"wp:attachment":[{"href":"https:\/\/cerlalc.org\/pt-br\/wp-json\/wp\/v2\/media?parent=8394"}],"wp:term":[{"taxonomy":"category","embeddable":true,"href":"https:\/\/cerlalc.org\/pt-br\/wp-json\/wp\/v2\/categories?post=8394"},{"taxonomy":"post_tag","embeddable":true,"href":"https:\/\/cerlalc.org\/pt-br\/wp-json\/wp\/v2\/tags?post=8394"},{"taxonomy":"areas","embeddable":true,"href":"https:\/\/cerlalc.org\/pt-br\/wp-json\/wp\/v2\/areas?post=8394"},{"taxonomy":"countries","embeddable":true,"href":"https:\/\/cerlalc.org\/pt-br\/wp-json\/wp\/v2\/countries?post=8394"},{"taxonomy":"programas","embeddable":true,"href":"https:\/\/cerlalc.org\/pt-br\/wp-json\/wp\/v2\/programas?post=8394"},{"taxonomy":"author","embeddable":true,"href":"https:\/\/cerlalc.org\/pt-br\/wp-json\/wp\/v2\/coauthors?post=8394"}],"curies":[{"name":"wp","href":"https:\/\/api.w.org\/{rel}","templated":true}]}}