{"id":8396,"date":"2017-05-18T05:00:38","date_gmt":"2017-05-18T05:00:38","guid":{"rendered":"https:\/\/cerlalc.org\/bolivia-lee-una-campana-de-post-alfabetizacion\/"},"modified":"2017-05-18T05:00:38","modified_gmt":"2017-05-18T05:00:38","slug":"bolivia-lee-una-campana-de-post-alfabetizacion","status":"publish","type":"post","link":"https:\/\/cerlalc.org\/pt-br\/bolivia-lee-una-campana-de-post-alfabetizacion\/","title":{"rendered":"\u201cBolivia lee\u201d una campa\u00f1a de post-alfabetizaci\u00f3n"},"content":{"rendered":"<p>La iniciativa \u201cBolivia lee\u201d, desarrollada por el Ministerio de Educaci\u00f3n, ha recolectado m\u00e1s de167.263 libros.  Con el fin de apoyar la implementaci\u00f3n de Bibliotecas Comunitarias y el fomento de la cultura lectora de los participantes de alfabetizaci\u00f3n y post-alfabetizaci\u00f3n, el proyecto cont\u00f3 con el apoyo pleno de la poblaci\u00f3n boliviana que aport\u00f3 textos de lectura en todo el pa\u00eds y los medios de comunicaci\u00f3n que apoyaron en la campa\u00f1a de difusi\u00f3n.<\/p>\n<p>\u201cLo primero que tenemos que anunciar es que la Jornada de Recolecci\u00f3n de Libros ha sido una de las m\u00e1s exitosas en relaci\u00f3n a las anteriores versiones del Bolivia Lee, en las primeras versiones recolectamos 60 mil libros, luego 80 mil y la pasada gesti\u00f3n cerca de 140 mil. Hoy con gran satisfacci\u00f3n y alegr\u00eda podemos decir que colectamos 167.263 libros en todas las ciudades capitales del pa\u00eds, adem\u00e1s de El Alto, Viacha y Rurrenabaque\u201d, inform\u00f3 Aguirre.<\/p>\n<p>A tiempo de agradecer el masivo apoyo de la poblaci\u00f3n boliviana a la Campa\u00f1a \u201cBolivia Lee\u201d, la autoridad educativa detall\u00f3 que entre las donaciones se encuentran libros de f\u00e1cil lectura, textos de estudio de primaria y secundaria, novelas y libros de historia.<\/p>\n<p>\u201cQuiero agradecer a la poblaci\u00f3n boliviana, a las personas que nos han donado libros, a las Fuerzas Armadas, a toda la estructura del Ministerio de Educaci\u00f3n  y a los medios de comunicaci\u00f3n por su participaci\u00f3n en esta Campa\u00f1a destinada a fomentar el h\u00e1bito a la lectura\u201d, destac\u00f3.<\/p>\n<p>Agreg\u00f3 que la Campa\u00f1a Bolivia Lee se desarrollar\u00e1 hasta el mes de septiembre y proyect\u00f3 que con lo que queda por recolectar hasta septiembre se lograr\u00e1n conformar al menos 500 Bibliotecas Comunitarias m\u00e1s.<\/p>\n<p>A partir de la fecha, las donaciones de libros pueden dejarse en puntos fijos de recolecci\u00f3n que ser\u00e1n instalados en las Direcciones Departamentales de Educaci\u00f3n, las oficinas de Post-alfabetizaci\u00f3n y el Ministerio de Educaci\u00f3n.<\/p>\n<p>Recordemos que la Jornada Nacional de Recolecci\u00f3n de Libros casa por casa impulsada por el Ministerio de Educaci\u00f3n, a trav\u00e9s del Programa Nacional de Post-alfabetizaci\u00f3n, tiene el prop\u00f3sito de recolectar libros para implementar nuevas Bibliotecas Comunitarias en puntos de alfabetizaci\u00f3n y post-alfabetizaci\u00f3n de las \u00e1reas rurales y zonas periurbanas.<\/p>\n","protected":false},"excerpt":{"rendered":"<p>\u00a0Con el fin de apoyar la implementaci\u00f3n de Bibliotecas Comunitarias y el fomento de la cultura lectora de los participantes de alfabetizaci\u00f3n y post-alfabetizaci\u00f3n, el proyecto cont\u00f3 con el apoyo pleno de la poblaci\u00f3n boliviana que aport\u00f3 textos de lectura en todo el pa\u00eds y los medios de comunicaci\u00f3n que apoyaron en la campa\u00f1a de difusi\u00f3n.<\/p>\n","protected":false},"author":1,"featured_media":0,"comment_status":"open","ping_status":"open","sticky":false,"template":"","format":"standard","meta":{"_seopress_robots_primary_cat":""},"categories":[2464],"tags":[2500],"areas":[],"countries":[],"programas":[],"coauthors":[],"_links":{"self":[{"href":"https:\/\/cerlalc.org\/pt-br\/wp-json\/wp\/v2\/posts\/8396"}],"collection":[{"href":"https:\/\/cerlalc.org\/pt-br\/wp-json\/wp\/v2\/posts"}],"about":[{"href":"https:\/\/cerlalc.org\/pt-br\/wp-json\/wp\/v2\/types\/post"}],"author":[{"embeddable":true,"href":"https:\/\/cerlalc.org\/pt-br\/wp-json\/wp\/v2\/users\/1"}],"replies":[{"embeddable":true,"href":"https:\/\/cerlalc.org\/pt-br\/wp-json\/wp\/v2\/comments?post=8396"}],"version-history":[{"count":0,"href":"https:\/\/cerlalc.org\/pt-br\/wp-json\/wp\/v2\/posts\/8396\/revisions"}],"wp:attachment":[{"href":"https:\/\/cerlalc.org\/pt-br\/wp-json\/wp\/v2\/media?parent=8396"}],"wp:term":[{"taxonomy":"category","embeddable":true,"href":"https:\/\/cerlalc.org\/pt-br\/wp-json\/wp\/v2\/categories?post=8396"},{"taxonomy":"post_tag","embeddable":true,"href":"https:\/\/cerlalc.org\/pt-br\/wp-json\/wp\/v2\/tags?post=8396"},{"taxonomy":"areas","embeddable":true,"href":"https:\/\/cerlalc.org\/pt-br\/wp-json\/wp\/v2\/areas?post=8396"},{"taxonomy":"countries","embeddable":true,"href":"https:\/\/cerlalc.org\/pt-br\/wp-json\/wp\/v2\/countries?post=8396"},{"taxonomy":"programas","embeddable":true,"href":"https:\/\/cerlalc.org\/pt-br\/wp-json\/wp\/v2\/programas?post=8396"},{"taxonomy":"author","embeddable":true,"href":"https:\/\/cerlalc.org\/pt-br\/wp-json\/wp\/v2\/coauthors?post=8396"}],"curies":[{"name":"wp","href":"https:\/\/api.w.org\/{rel}","templated":true}]}}