{"id":8404,"date":"2017-05-16T06:00:27","date_gmt":"2017-05-16T06:00:27","guid":{"rendered":"https:\/\/cerlalc.org\/la-biblioteca-central-del-estado-de-bahia-cumple-206-anos\/"},"modified":"2017-05-16T06:00:27","modified_gmt":"2017-05-16T06:00:27","slug":"la-biblioteca-central-del-estado-de-bahia-cumple-206-anos","status":"publish","type":"post","link":"https:\/\/cerlalc.org\/pt-br\/la-biblioteca-central-del-estado-de-bahia-cumple-206-anos\/","title":{"rendered":"La Biblioteca Central del Estado de Bah\u00eda cumple 206 a\u00f1os"},"content":{"rendered":"<p>Con exposiciones, charlas y presentaciones literarias se celebraron los 206 a\u00f1os de la Biblioteca Central del Estado de Bah\u00eda. Fundada el 13 de mayo de 1811, la biblioteca es la m\u00e1s antigua de Am\u00e9rica Latina que actualmente tiene cerca de 600 mil obras, entre libros, peri\u00f3dicos, revistas y materias en audiovisuales.<\/p>\n<p>Una de las actividades conmemorativas de este jueves fue la conferencia O papel da biblioteca p\u00fablica no s\u00e9culo XXI, impartida por el director del Departamento de Libro, Lectura, Literatura y Bibliotecas del Ministerio de Cultura de Brasi, Cristian Brayner. \u201cLa finalidad de la biblioteca en los tiempos actuales es que se transforme en un espacio democr\u00e1tico, que atienda las demandas de informaci\u00f3n y de pr\u00e9stamo de libros y tambi\u00e9n garantice la plena ciudadan\u00eda, involucrando trabajo, cultura y empoderamiento de minor\u00edas\u201d, destac\u00f3.<\/p>\n<p>Para Brayner, la Biblioteca Central del Estado de Bah\u00eda supo evolucionar con el tiempo: \u201cLo que naci\u00f3 como una biblioteca esclavista hoy es una biblioteca republicana. Tiene que ser democr\u00e1tica y dialogar con otros lenguajes art\u00edsticos, ofreciendo servicios desde pel\u00edculas a colecciones, teatro, exposiciones. Permitiendo que las comunidades tambi\u00e9n produzcan acervos.\u201d afirm\u00f3.<\/p>\n<p>Como parte de las celebraciones, la biblioteca recibi\u00f3 m\u00e1s de 110 mil obraspara la renovaci\u00f3n y actualizaci\u00f3n del acervo. De ese conjunto, 100 mil fueron donadas por el Ministerio de Cultura, a partir de un acuerdo firmado a principios de a\u00f1o con la Fundaci\u00f3n Pedro Calmon.<\/p>\n<p>Las conmemoraciones por los 206 a\u00f1os de la Biblioteca Central del Estado de Bah\u00eda fueron coordinadas por la Fundaci\u00f3n Pedro Calmon, responsable del Sistema Estadual de Bibliotecas P\u00fablicas de Bah\u00eda.<\/p>\n","protected":false},"excerpt":{"rendered":"<p>Con exposiciones, charlas y presentaciones literarias se celebraron los 206 a\u00f1os de la Biblioteca Central del Estado de Bah\u00eda.\u00a0<\/p>\n","protected":false},"author":1,"featured_media":0,"comment_status":"open","ping_status":"open","sticky":false,"template":"","format":"standard","meta":{"_seopress_robots_primary_cat":""},"categories":[2464],"tags":[2478],"areas":[],"countries":[],"programas":[],"coauthors":[],"_links":{"self":[{"href":"https:\/\/cerlalc.org\/pt-br\/wp-json\/wp\/v2\/posts\/8404"}],"collection":[{"href":"https:\/\/cerlalc.org\/pt-br\/wp-json\/wp\/v2\/posts"}],"about":[{"href":"https:\/\/cerlalc.org\/pt-br\/wp-json\/wp\/v2\/types\/post"}],"author":[{"embeddable":true,"href":"https:\/\/cerlalc.org\/pt-br\/wp-json\/wp\/v2\/users\/1"}],"replies":[{"embeddable":true,"href":"https:\/\/cerlalc.org\/pt-br\/wp-json\/wp\/v2\/comments?post=8404"}],"version-history":[{"count":0,"href":"https:\/\/cerlalc.org\/pt-br\/wp-json\/wp\/v2\/posts\/8404\/revisions"}],"wp:attachment":[{"href":"https:\/\/cerlalc.org\/pt-br\/wp-json\/wp\/v2\/media?parent=8404"}],"wp:term":[{"taxonomy":"category","embeddable":true,"href":"https:\/\/cerlalc.org\/pt-br\/wp-json\/wp\/v2\/categories?post=8404"},{"taxonomy":"post_tag","embeddable":true,"href":"https:\/\/cerlalc.org\/pt-br\/wp-json\/wp\/v2\/tags?post=8404"},{"taxonomy":"areas","embeddable":true,"href":"https:\/\/cerlalc.org\/pt-br\/wp-json\/wp\/v2\/areas?post=8404"},{"taxonomy":"countries","embeddable":true,"href":"https:\/\/cerlalc.org\/pt-br\/wp-json\/wp\/v2\/countries?post=8404"},{"taxonomy":"programas","embeddable":true,"href":"https:\/\/cerlalc.org\/pt-br\/wp-json\/wp\/v2\/programas?post=8404"},{"taxonomy":"author","embeddable":true,"href":"https:\/\/cerlalc.org\/pt-br\/wp-json\/wp\/v2\/coauthors?post=8404"}],"curies":[{"name":"wp","href":"https:\/\/api.w.org\/{rel}","templated":true}]}}