{"id":8407,"date":"2017-05-15T06:30:34","date_gmt":"2017-05-15T06:30:34","guid":{"rendered":"https:\/\/cerlalc.org\/inicio-la-iv-feria-nacional-del-libro-de-bolivia\/"},"modified":"2017-05-15T06:30:34","modified_gmt":"2017-05-15T06:30:34","slug":"inicio-la-iv-feria-nacional-del-libro-de-bolivia","status":"publish","type":"post","link":"https:\/\/cerlalc.org\/pt-br\/inicio-la-iv-feria-nacional-del-libro-de-bolivia\/","title":{"rendered":"Inici\u00f3 la IV Feria Nacional del Libro de Bolivia"},"content":{"rendered":"<p>En la ciudad de Sucre, en la Casa de la Cultura Universitaria, se desarrolla la IV Feria Nacional del Libro que re\u00fane a expositores entre editoriales, distribuidores y librer\u00edas.<\/p>\n<p>Con el objetivo de promover y fomentar el h\u00e1bito a la lectura, escritura y acceso al libro y dando cumplimiento a la Ley N\u00ba 366, Ley del Libro y la Lectura \u201cOscar Alfaro\u201d, el Ministerio de Culturas y Turismo en coordinaci\u00f3n con el Gobierno Aut\u00f3nomo Departamental de Chuquisaca y el Gobierno Municipal de Sucre, llevan a cabo la Feria Nacional del Libro, actividad integradora entre expositores y p\u00fablico de todo el pa\u00eds.<\/p>\n<p>Durante cinco d\u00edas (del 9 al 13 de mayo) el Ministerio de Culturas y Turismo participa con una amplia y diversa oferta de libros de autores nacionales. Sucre vivir\u00e1 momentos de actividades literarias, adem\u00e1s de conferencias magistrales, proyecciones de videos, salas infantiles, mesas de lecturas, bibliotecas virtuales y f\u00edsicas, tertulias, foros, cuenta cuentos, actividades culturales, m\u00fasica, danza, poes\u00eda.<\/p>\n","protected":false},"excerpt":{"rendered":"<p>En la ciudad de Sucre, en la Casa de la Cultura Universitaria, se desarrolla la IV Feria Nacional del Libro que re\u00fane a expositores entre editoriales, distribuidores y librer\u00edas.<\/p>\n","protected":false},"author":1,"featured_media":0,"comment_status":"open","ping_status":"open","sticky":false,"template":"","format":"standard","meta":{"_seopress_robots_primary_cat":""},"categories":[2464],"tags":[2486],"areas":[],"countries":[],"programas":[],"coauthors":[],"_links":{"self":[{"href":"https:\/\/cerlalc.org\/pt-br\/wp-json\/wp\/v2\/posts\/8407"}],"collection":[{"href":"https:\/\/cerlalc.org\/pt-br\/wp-json\/wp\/v2\/posts"}],"about":[{"href":"https:\/\/cerlalc.org\/pt-br\/wp-json\/wp\/v2\/types\/post"}],"author":[{"embeddable":true,"href":"https:\/\/cerlalc.org\/pt-br\/wp-json\/wp\/v2\/users\/1"}],"replies":[{"embeddable":true,"href":"https:\/\/cerlalc.org\/pt-br\/wp-json\/wp\/v2\/comments?post=8407"}],"version-history":[{"count":0,"href":"https:\/\/cerlalc.org\/pt-br\/wp-json\/wp\/v2\/posts\/8407\/revisions"}],"wp:attachment":[{"href":"https:\/\/cerlalc.org\/pt-br\/wp-json\/wp\/v2\/media?parent=8407"}],"wp:term":[{"taxonomy":"category","embeddable":true,"href":"https:\/\/cerlalc.org\/pt-br\/wp-json\/wp\/v2\/categories?post=8407"},{"taxonomy":"post_tag","embeddable":true,"href":"https:\/\/cerlalc.org\/pt-br\/wp-json\/wp\/v2\/tags?post=8407"},{"taxonomy":"areas","embeddable":true,"href":"https:\/\/cerlalc.org\/pt-br\/wp-json\/wp\/v2\/areas?post=8407"},{"taxonomy":"countries","embeddable":true,"href":"https:\/\/cerlalc.org\/pt-br\/wp-json\/wp\/v2\/countries?post=8407"},{"taxonomy":"programas","embeddable":true,"href":"https:\/\/cerlalc.org\/pt-br\/wp-json\/wp\/v2\/programas?post=8407"},{"taxonomy":"author","embeddable":true,"href":"https:\/\/cerlalc.org\/pt-br\/wp-json\/wp\/v2\/coauthors?post=8407"}],"curies":[{"name":"wp","href":"https:\/\/api.w.org\/{rel}","templated":true}]}}