{"id":8432,"date":"2017-05-04T00:00:00","date_gmt":"2017-05-04T00:00:00","guid":{"rendered":"https:\/\/cerlalc.org\/chile-crea-instituto-iberoamericano-de-primera-infancia-3\/"},"modified":"2017-05-04T00:00:00","modified_gmt":"2017-05-04T00:00:00","slug":"chile-crea-instituto-iberoamericano-de-primera-infancia-3","status":"publish","type":"post","link":"https:\/\/cerlalc.org\/pt-br\/chile-crea-instituto-iberoamericano-de-primera-infancia-3\/","title":{"rendered":"Chile crea Instituto Iberoamericano de Primera Infancia"},"content":{"rendered":"<p>La presidenta de Chile, Michelle Bachelet, encabez\u00f3 hoy, 3 de mayo, el lanzamiento del Instituto Iberoamericano de Primera Infancia. En el acto efectuado en el Centro Cultural Gabriela Mistral, la gobernante refiri\u00f3 que la inversi\u00f3n en primera infancia es un imperativo para el desarrollo, pero tambi\u00e9n de justicia y de equidad.<br \/>\n\u201cEste es un paso m\u00e1s de compromiso con los m\u00e1s peque\u00f1os de nuestro pa\u00eds y la regi\u00f3n. (\u2026) Se proyecta m\u00e1s all\u00e1 de nuestras fronteras, como un espacio de colaboraci\u00f3n y cooperaci\u00f3n con otras naciones en v\u00edas de desarrollo\u2019, destac\u00f3 Bachelet. En el periodo del 2006 al 2010 se inici\u00f3 la implementaci\u00f3n del Sistema de Protecci\u00f3n Integral para la Infancia \u2018Chile Crece Contigo\u2019, que instala la l\u00f3gica multisectorial en la implementaci\u00f3n de sus pol\u00edticas y programas. El nuevo instituto, nace al amparo del Consejo Nacional de Infancia, el Ministerio de Educaci\u00f3n y la Organizaci\u00f3n de Estados Iberoamericanos para la Educaci\u00f3n, la Ciencia y la Cultura como un paso m\u00e1s hacia la transformaci\u00f3n del sistema educativo en un espacio clave para la lucha contra la desigualdad.<\/p>\n<p>La mandataria subray\u00f3 que ning\u00fan pa\u00eds puede estar satisfecho en materia de desarrollo, si hay ni\u00f1os y ni\u00f1as que todav\u00eda viven en condici\u00f3n de pobreza o que son v\u00edctimas de la violencia, no concluyen su educaci\u00f3n formal y no tienen acceso oportuno a la salud.<\/p>\n","protected":false},"excerpt":{"rendered":"<p>Creaci\u00f3n del instituto iberoamericano de primera infancia en Chile<\/p>\n","protected":false},"author":60,"featured_media":7560,"comment_status":"open","ping_status":"open","sticky":false,"template":"","format":"standard","meta":{"_seopress_robots_primary_cat":""},"categories":[2464,2479],"tags":[2467],"areas":[],"countries":[],"programas":[],"coauthors":[2232],"_links":{"self":[{"href":"https:\/\/cerlalc.org\/pt-br\/wp-json\/wp\/v2\/posts\/8432"}],"collection":[{"href":"https:\/\/cerlalc.org\/pt-br\/wp-json\/wp\/v2\/posts"}],"about":[{"href":"https:\/\/cerlalc.org\/pt-br\/wp-json\/wp\/v2\/types\/post"}],"author":[{"embeddable":true,"href":"https:\/\/cerlalc.org\/pt-br\/wp-json\/wp\/v2\/users\/60"}],"replies":[{"embeddable":true,"href":"https:\/\/cerlalc.org\/pt-br\/wp-json\/wp\/v2\/comments?post=8432"}],"version-history":[{"count":0,"href":"https:\/\/cerlalc.org\/pt-br\/wp-json\/wp\/v2\/posts\/8432\/revisions"}],"wp:featuredmedia":[{"embeddable":true,"href":"https:\/\/cerlalc.org\/pt-br\/wp-json\/wp\/v2\/media\/7560"}],"wp:attachment":[{"href":"https:\/\/cerlalc.org\/pt-br\/wp-json\/wp\/v2\/media?parent=8432"}],"wp:term":[{"taxonomy":"category","embeddable":true,"href":"https:\/\/cerlalc.org\/pt-br\/wp-json\/wp\/v2\/categories?post=8432"},{"taxonomy":"post_tag","embeddable":true,"href":"https:\/\/cerlalc.org\/pt-br\/wp-json\/wp\/v2\/tags?post=8432"},{"taxonomy":"areas","embeddable":true,"href":"https:\/\/cerlalc.org\/pt-br\/wp-json\/wp\/v2\/areas?post=8432"},{"taxonomy":"countries","embeddable":true,"href":"https:\/\/cerlalc.org\/pt-br\/wp-json\/wp\/v2\/countries?post=8432"},{"taxonomy":"programas","embeddable":true,"href":"https:\/\/cerlalc.org\/pt-br\/wp-json\/wp\/v2\/programas?post=8432"},{"taxonomy":"author","embeddable":true,"href":"https:\/\/cerlalc.org\/pt-br\/wp-json\/wp\/v2\/coauthors?post=8432"}],"curies":[{"name":"wp","href":"https:\/\/api.w.org\/{rel}","templated":true}]}}