{"id":8451,"date":"2017-04-27T00:00:00","date_gmt":"2017-04-27T00:00:00","guid":{"rendered":"https:\/\/cerlalc.org\/encuentros-para-la-infancia-en-la-filbo-2017-3\/"},"modified":"2017-04-27T00:00:00","modified_gmt":"2017-04-27T00:00:00","slug":"encuentros-para-la-infancia-en-la-filbo-2017-3","status":"publish","type":"post","link":"https:\/\/cerlalc.org\/pt-br\/encuentros-para-la-infancia-en-la-filbo-2017-3\/","title":{"rendered":"Encuentros para la infancia en la FILBo 2017"},"content":{"rendered":"<p>La Feria Internacional del Libro de Bogot\u00e1 ha abierto sus puertas al p\u00fablico y con ellas a un centenar de autores del mundo de la literatura infantil y juvenil. Al evento asistir\u00e1n invitados como Paloma Valdivia, ganadora del premio New Horizons y del Premio Unesco al libro m\u00e1s bello, o Marina Colasanti escritora, traductora y periodista \u00edtalo-brasile\u00f1a.<\/p>\n<p>Uno de los ejes centrales de Francia como pa\u00eds invitado de honor es la literatura infantil, por eso la FILBo contar\u00e1 con la presencia de ilustradores como Ci\u00e7a Fittipaldi, Benajain Lacombe o el editor Alain Serres. La feria tambi\u00e9n contar\u00e1 con la presencia de Mar\u00eda Teresa Andruetto, ganadora del premio Hans Christian Andersen, quien tendr\u00e1 varios encuentros fuera y dentro de Corferias.<\/p>\n<p>La franja FILBo Ni\u00f1os est\u00e1 dise\u00f1ada para que ni\u00f1os de todas las edades, padres de familia, promotores de lectura y maestros se encuentren en distintos escenarios con quienes trabajan desde la pedagog\u00eda, la ilustraci\u00f3n y la escritura por los m\u00e1s peque\u00f1os. Por esta raz\u00f3n el Observatorio iberoamericano de cultura y educaci\u00f3n para la primera infancia ha querido hacer su lista de eventos recomendados entre el centenar de encuentros que se llevar\u00e1n a cabo durante los 14 d\u00edas de la Feria Internacional del Libro de Bogot\u00e1.<\/p>\n<p>28 de abril<\/p>\n<p>14:00 Un juego que solo se puede jugar en espa\u00f1ol: A partir de su libro Anna con A, Otto con O, Menena Cottin (Venezuela) participa en un taller para ni\u00f1os, en torno a una forma de jugar con las palabras que nuestro idioma nos facilita: armando frases con una sola vocal. Auditorio de la Fundaci\u00f3n Rafael Pombo.<\/p>\n<p>17:00 Conversatorio: \u00a1Gracias por los l\u00e1pices! Celebraci\u00f3n de la ilustraci\u00f3n Ci\u00e7a Fittipaldi (Brasil), Isabel Hojas (Chile), Claude K. Dubois (B\u00e9lgica), Gusti Rosemfett (Argentina) e Ivar Da Coll (Colombia) hablan sobre el oficio de ilustrar libros para ni\u00f1os. Modera: Mar\u00eda Osorio. Sala: 150 \u2013 Sal\u00f3n Filbo E.<\/p>\n<p>29 de abril<\/p>\n<p>10:00 Celebraci\u00f3n de los cuentos de hadas Todos los lectores tenemos un cuento de hadas favorito: uno que nos contaron hace muchos a\u00f1os y nunca olvidaremos. Marina Colasanti (Brasil) y Mar\u00eda Jos\u00e9 Ferrada (Chile) hablar\u00e1n sobre este g\u00e9nero; nos contar\u00e1n por qu\u00e9 siempre volvemos a los cuentos de hadas, cu\u00e1les los m\u00e1s importantes para su vida y qu\u00e9 significan para ellas. Modera: Yolanda Reyes. Sala FILBo D \u2013 Ecopetrol.<\/p>\n<p>30 de abril<\/p>\n<p>11:00 Celebraci\u00f3n Animal: Boris Pfeiffer (Alemania) y Celso Rom\u00e1n (Colombia) en un encuentro con ni\u00f1os y familias para hablar, hacer preguntas y contar historias sobre los personajes de cuatro patas, escamas y alas, que pasean por las p\u00e1ginas de sus libros. Modera Amalia Satiz\u00e1bal. Sala Mar\u00eda Mercedes Carranza.<\/p>\n<p>17:30 Conversatorio Empezar a leer: Celebraci\u00f3n de los ni\u00f1os y la lectura. Un tri\u00e1ngulo amoroso con las expertas en formaci\u00f3n de lectores Michi Strausfeld (Alemania), Jo\u00eblle Turin (Francia) y Yolanda Reyes (Colombia). Modera: Alejandra Jaramillo. FORUM Pabell\u00f3n Francia.<\/p>\n<p>1 de mayo<\/p>\n<p>12:00 Conversatorio entre C\u00e9cile Roumigui\u00e8re y Alain Serres sobre proyectos editoriales de literatura juvenil. Modera: Fanuel D\u00edaz. FORUM Pabell\u00f3n Francia.<\/p>\n<p>18:30 Conversatorio sobre los libros apropiados para la primera infancia: \u00bfQu\u00e9 se produce? \u00bfqu\u00e9 circula? Participan: Jo\u00eblle Turin (FR), Boris Flacsu (FR) y Claudia Rodr\u00edguez. FORUM Pabell\u00f3n Francia.<\/p>\n<p>5 de mayo<\/p>\n<p>14:00 \u201c\u00bfMe lo cuentas otra vez?\u201d Celebraci\u00f3n de los cuentos de toda la vida: Hora del cuento para toda la familia con Paloma Valdivia y Mar\u00eda del Sol Peralta. Un encuentro \u00edntimo alrededor de la literatura infantil para empezar la tarde con tradici\u00f3n oral, rondas y los cuentos favoritos de los m\u00e1s peque\u00f1os. Sala FILBo A \u2013 Ecopetrol.<\/p>\n","protected":false},"excerpt":{"rendered":"<p>Actividades para ni\u00f1os en la FILBO 2017<\/p>\n","protected":false},"author":60,"featured_media":7561,"comment_status":"open","ping_status":"open","sticky":false,"template":"","format":"standard","meta":{"_seopress_robots_primary_cat":""},"categories":[2464,2479],"tags":[2486,2466],"areas":[],"countries":[],"programas":[],"coauthors":[2232],"_links":{"self":[{"href":"https:\/\/cerlalc.org\/pt-br\/wp-json\/wp\/v2\/posts\/8451"}],"collection":[{"href":"https:\/\/cerlalc.org\/pt-br\/wp-json\/wp\/v2\/posts"}],"about":[{"href":"https:\/\/cerlalc.org\/pt-br\/wp-json\/wp\/v2\/types\/post"}],"author":[{"embeddable":true,"href":"https:\/\/cerlalc.org\/pt-br\/wp-json\/wp\/v2\/users\/60"}],"replies":[{"embeddable":true,"href":"https:\/\/cerlalc.org\/pt-br\/wp-json\/wp\/v2\/comments?post=8451"}],"version-history":[{"count":0,"href":"https:\/\/cerlalc.org\/pt-br\/wp-json\/wp\/v2\/posts\/8451\/revisions"}],"wp:featuredmedia":[{"embeddable":true,"href":"https:\/\/cerlalc.org\/pt-br\/wp-json\/wp\/v2\/media\/7561"}],"wp:attachment":[{"href":"https:\/\/cerlalc.org\/pt-br\/wp-json\/wp\/v2\/media?parent=8451"}],"wp:term":[{"taxonomy":"category","embeddable":true,"href":"https:\/\/cerlalc.org\/pt-br\/wp-json\/wp\/v2\/categories?post=8451"},{"taxonomy":"post_tag","embeddable":true,"href":"https:\/\/cerlalc.org\/pt-br\/wp-json\/wp\/v2\/tags?post=8451"},{"taxonomy":"areas","embeddable":true,"href":"https:\/\/cerlalc.org\/pt-br\/wp-json\/wp\/v2\/areas?post=8451"},{"taxonomy":"countries","embeddable":true,"href":"https:\/\/cerlalc.org\/pt-br\/wp-json\/wp\/v2\/countries?post=8451"},{"taxonomy":"programas","embeddable":true,"href":"https:\/\/cerlalc.org\/pt-br\/wp-json\/wp\/v2\/programas?post=8451"},{"taxonomy":"author","embeddable":true,"href":"https:\/\/cerlalc.org\/pt-br\/wp-json\/wp\/v2\/coauthors?post=8451"}],"curies":[{"name":"wp","href":"https:\/\/api.w.org\/{rel}","templated":true}]}}