{"id":8458,"date":"2017-04-25T06:31:29","date_gmt":"2017-04-25T06:31:29","guid":{"rendered":"https:\/\/cerlalc.org\/ayuda-a-las-bibliotecas-populares-con-la-campana-libro-de-la-filba\/"},"modified":"2017-04-25T06:31:29","modified_gmt":"2017-04-25T06:31:29","slug":"ayuda-a-las-bibliotecas-populares-con-la-campana-libro-de-la-filba","status":"publish","type":"post","link":"https:\/\/cerlalc.org\/pt-br\/ayuda-a-las-bibliotecas-populares-con-la-campana-libro-de-la-filba\/","title":{"rendered":"Ayuda a las Bibliotecas Populares con la campa\u00f1a Libro% de la Filba"},"content":{"rendered":"<p>Los d\u00edas  5, 6 y 7 de mayo  se llevar\u00e1 a cabo, en la 43\u00ba Feria Internacional del Libro de Buenos Aires. En la 12\u00ba edici\u00f3n del programa Libro % de la CONABIP, las bibliotecas populares pueden adquirir material bibliogr\u00e1fico al 50% de su precio.<\/p>\n<p>La  acreditaci\u00f3n  se realizar\u00e1 por \u00fanica vez el d\u00eda  viernes 5 de mayo  en la Feria Internacional del Libro de Buenos Aires, d\u00eda en el que se llevar\u00e1 a cabo el \u201cActo de Bienvenida\u201d y la entrega de la distinci\u00f3n \u201cAmigo de las Bibliotecas Populares\u201d.   Durante los d\u00edas viernes 5, s\u00e1bado 6  y domingo 7 de mayo podr\u00e1n realizar la compra del material bibliogr\u00e1fico en la Feria Internacional del Libro de Buenos Aires.<\/p>\n<p>Con el objetivo de brindar informaci\u00f3n sobre este programa a las bibliotecas populares, compartimos a continuaci\u00f3n el  Cronograma de Actividades del Programa Libro% 2017, as\u00ed como el  Instructivo de Rendici\u00f3n de subsidios. Tambi\u00e9n encontrar\u00e1n un  Video Tutorial, una  herramienta que les ofrece informaci\u00f3n importante para esta nueva edici\u00f3n de Libro%.<\/p>\n<p>CRONOGRAMA DE ACTIVIDADES LIBRO % 2017<br \/>\nViernes 5 de mayo<br \/>\n9 hs: Acreditaci\u00f3n.<\/p>\n<p>10 hs: Acto de bienvenida \u2013 Entrega de la distinci\u00f3n \u201cAmigo de las Bibliotecas Populares\u201d<\/p>\n<p>12 hs hasta el horario de cierre: Compra para bibliotecas populares<\/p>\n<p>Lugar: Feria Internacional del Libro de Buenos Aires, Avda. Sarmiento 2704, Capital Federal<\/p>\n<p>S\u00e1bado 6 de mayo<br \/>\n9 a 13 hs: Compra exclusiva para las Bibliotecas Populares<\/p>\n<p>13 hs: hasta el horario de cierre de la Feria: contin\u00faa la compra<\/p>\n<p>Lugar: Feria Internacional del Libro de Buenos Aires \u2013<\/p>\n<p>Ingreso por Avda. Santa Fe 4201, Avda. Sarmiento 2704 y Avda. Cervi\u00f1o 4474, Capital Federal<\/p>\n<p>Domingo 7 de Mayo<br \/>\n9 a 13 hs: Compra exclusiva para las Bibliotecas Populares<\/p>\n<p>13 hs hasta el horario de cierre: contin\u00faa la compra<\/p>\n<p>Lugar: Feria Internacional del Libro de Buenos Aires \u2013<\/p>\n<p>Ingreso por Avda. Santa Fe 4201, Avda. Sarmiento 2704 y Avda. Cervi\u00f1o 4474, Capital Federal<\/p>\n<p>Para consultar el  Instructivo de Rendici\u00f3n de subsidios clic aqu\u00ed<br \/>\nPara ver el  Video Tutorial del Programa Libro%  clic aqu\u00ed<\/p>\n","protected":false},"excerpt":{"rendered":"<p>Los d\u00edas\u00a0 5, 6 y 7 de mayo\u00a0 se llevar\u00e1 a cabo, en la 43\u00ba Feria Internacional del Libro de Buenos Aires. En la 12\u00ba edici\u00f3n del programa Libro % de la CONABIP, las bibliotecas populares pueden adquirir material bibliogr\u00e1fico al 50% de su precio.<\/p>\n","protected":false},"author":1,"featured_media":0,"comment_status":"open","ping_status":"open","sticky":false,"template":"","format":"standard","meta":{"_seopress_robots_primary_cat":""},"categories":[2464],"tags":[2478,2486],"areas":[],"countries":[],"programas":[],"coauthors":[],"_links":{"self":[{"href":"https:\/\/cerlalc.org\/pt-br\/wp-json\/wp\/v2\/posts\/8458"}],"collection":[{"href":"https:\/\/cerlalc.org\/pt-br\/wp-json\/wp\/v2\/posts"}],"about":[{"href":"https:\/\/cerlalc.org\/pt-br\/wp-json\/wp\/v2\/types\/post"}],"author":[{"embeddable":true,"href":"https:\/\/cerlalc.org\/pt-br\/wp-json\/wp\/v2\/users\/1"}],"replies":[{"embeddable":true,"href":"https:\/\/cerlalc.org\/pt-br\/wp-json\/wp\/v2\/comments?post=8458"}],"version-history":[{"count":0,"href":"https:\/\/cerlalc.org\/pt-br\/wp-json\/wp\/v2\/posts\/8458\/revisions"}],"wp:attachment":[{"href":"https:\/\/cerlalc.org\/pt-br\/wp-json\/wp\/v2\/media?parent=8458"}],"wp:term":[{"taxonomy":"category","embeddable":true,"href":"https:\/\/cerlalc.org\/pt-br\/wp-json\/wp\/v2\/categories?post=8458"},{"taxonomy":"post_tag","embeddable":true,"href":"https:\/\/cerlalc.org\/pt-br\/wp-json\/wp\/v2\/tags?post=8458"},{"taxonomy":"areas","embeddable":true,"href":"https:\/\/cerlalc.org\/pt-br\/wp-json\/wp\/v2\/areas?post=8458"},{"taxonomy":"countries","embeddable":true,"href":"https:\/\/cerlalc.org\/pt-br\/wp-json\/wp\/v2\/countries?post=8458"},{"taxonomy":"programas","embeddable":true,"href":"https:\/\/cerlalc.org\/pt-br\/wp-json\/wp\/v2\/programas?post=8458"},{"taxonomy":"author","embeddable":true,"href":"https:\/\/cerlalc.org\/pt-br\/wp-json\/wp\/v2\/coauthors?post=8458"}],"curies":[{"name":"wp","href":"https:\/\/api.w.org\/{rel}","templated":true}]}}