{"id":8463,"date":"2017-04-24T07:00:22","date_gmt":"2017-04-24T07:00:22","guid":{"rendered":"https:\/\/cerlalc.org\/mexico-presenta-proyecto-de-ley-que-busca-proteger-obras-indigenas\/"},"modified":"2017-04-24T07:00:22","modified_gmt":"2017-04-24T07:00:22","slug":"mexico-presenta-proyecto-de-ley-que-busca-proteger-obras-indigenas","status":"publish","type":"post","link":"https:\/\/cerlalc.org\/pt-br\/mexico-presenta-proyecto-de-ley-que-busca-proteger-obras-indigenas\/","title":{"rendered":"M\u00e9xico presenta proyecto de ley que busca proteger obras ind\u00edgenas"},"content":{"rendered":"<p>Por: Alejandro Vega Vega<br \/>\nEl Senador del Partido Revolucionario Institucional (PRI) Jorge Toledo, ha presentado un proyecto de ley que busca que los pueblos ind\u00edgenas puedan registrar sus expresiones culturales tradicionales bajo el derecho de autor. El proyecto pretende que los distintos pueblos ind\u00edgenas que habitan en el territorio mexicano puedan tener derechos sobre las obras creadas como parte de su patrimonio cultural.<\/p>\n<p>Esta propuesta contempla una modificaci\u00f3n a la Ley Federal de los Derechos de Autor, que reconocer\u00e1 la protecci\u00f3n de los derechos de autor de las expresiones culturales tradicionales de los pueblos ind\u00edgenas desde el momento de su reproducci\u00f3n, publicaci\u00f3n, edici\u00f3n o fijaci\u00f3n material. El proyecto redefine las expresiones culturales como \u201cAquellas en las que se manifiestan los conocimientos tradicionales de los pueblos ind\u00edgenas (Artesan\u00edas, pinturas, expresiones literarias y musicales, danzas, ceremonias, rituales, etc.)\u201d.<\/p>\n<p>La propuesta intenta modificar el art\u00edculo 11 y se adicionar\u00eda el apartado 13.Bis, a la Ley Federal de Derechos de Autor, que dicen:<\/p>\n<p>Art\u00edculo 11.- El derecho de autor es el reconocimiento que hace el Estado en favor de todo creador de obras literarias y art\u00edsticas previstas en los art\u00edculos 13 y 13 Bis de esta Ley, en virtud del cual otorga su protecci\u00f3n para que el autor goce de prerrogativas y privilegios exclusivos de car\u00e1cter personal y patrimonial. Los primeros integran el llamado derecho moral y los segundos, el patrimonial.<\/p>\n<p>Art\u00edculo 13 Bis.- Se reconoce la protecci\u00f3n de los derechos de autor de las expresiones culturales tradicionales de los pueblos ind\u00edgenas desde el momento de la reproducci\u00f3n, publicaci\u00f3n, edici\u00f3n o fijaci\u00f3n material observando lo dispuesto por el t\u00edtulo VII, cap\u00edtulo III de la presente Ley. Son expresiones culturales tradicionales protegidas por el derecho de autor aquellas en las que se manifiestan los conocimientos tradicionales de los pueblos ind\u00edgenas y que pertenecen a alguna de las siguientes ramas:<\/p>\n<p>-I  Expresiones tangibles tales como artesan\u00edas, alfarer\u00eda, textiles y pinturas;<\/p>\n<p>\u2013 II Expresiones verbales, literarias y musicales;<\/p>\n<p>\u2013 III Danzas, ceremonias y rituales, y<\/p>\n<p>\u2013 IV Otras an\u00e1logas.<\/p>\n<p>El senador Toledo se\u00f1al\u00f3 la importancia de esta reforma en un pa\u00eds como M\u00e9xico, con una naci\u00f3n pluricultural en la cual habitan cerca de 70 pueblos ind\u00edgenas. Tambi\u00e9n destac\u00f3 el art\u00edculo 28 de la constituci\u00f3n que incorpora los derechos morales y patrimoniales como parte del derecho de Autor. Tambi\u00e9n la declaraci\u00f3n de la ONU sobre los Derechos de los Pueblos Ind\u00edgenas protege los derechos de autor y de propiedad intelectual sobre las manifestaciones culturales de las comunidades originarias al otorgarles el derecho a manifestar, practicar y ense\u00f1ar sus tradiciones, costumbres y ceremonias, y a mantener, proteger, y desarrollar su patrimonio cultural, conocimientos tradicionales, expresiones culturales y las manifestaciones art\u00edsticas y cient\u00edficas.<\/p>\n<p>La finalidad de la iniciativa es reconocer los derechos de autor de las culturas tradicionales de los pueblos ind\u00edgenas respecto a las expresiones, materiales e inmateriales que forman parte del patrimonio cultural de la naci\u00f3n mexicana.<\/p>\n","protected":false},"excerpt":{"rendered":"<p>El proyecto pretende que los distintos pueblos ind\u00edgenas que habitan en el territorio mexicano puedan tener derechos sobre las obras creadas como parte de su patrimonio cultural.<\/p>\n","protected":false},"author":1,"featured_media":0,"comment_status":"open","ping_status":"open","sticky":false,"template":"","format":"standard","meta":{"_seopress_robots_primary_cat":""},"categories":[2464],"tags":[2471,2493],"areas":[],"countries":[],"programas":[],"coauthors":[],"_links":{"self":[{"href":"https:\/\/cerlalc.org\/pt-br\/wp-json\/wp\/v2\/posts\/8463"}],"collection":[{"href":"https:\/\/cerlalc.org\/pt-br\/wp-json\/wp\/v2\/posts"}],"about":[{"href":"https:\/\/cerlalc.org\/pt-br\/wp-json\/wp\/v2\/types\/post"}],"author":[{"embeddable":true,"href":"https:\/\/cerlalc.org\/pt-br\/wp-json\/wp\/v2\/users\/1"}],"replies":[{"embeddable":true,"href":"https:\/\/cerlalc.org\/pt-br\/wp-json\/wp\/v2\/comments?post=8463"}],"version-history":[{"count":0,"href":"https:\/\/cerlalc.org\/pt-br\/wp-json\/wp\/v2\/posts\/8463\/revisions"}],"wp:attachment":[{"href":"https:\/\/cerlalc.org\/pt-br\/wp-json\/wp\/v2\/media?parent=8463"}],"wp:term":[{"taxonomy":"category","embeddable":true,"href":"https:\/\/cerlalc.org\/pt-br\/wp-json\/wp\/v2\/categories?post=8463"},{"taxonomy":"post_tag","embeddable":true,"href":"https:\/\/cerlalc.org\/pt-br\/wp-json\/wp\/v2\/tags?post=8463"},{"taxonomy":"areas","embeddable":true,"href":"https:\/\/cerlalc.org\/pt-br\/wp-json\/wp\/v2\/areas?post=8463"},{"taxonomy":"countries","embeddable":true,"href":"https:\/\/cerlalc.org\/pt-br\/wp-json\/wp\/v2\/countries?post=8463"},{"taxonomy":"programas","embeddable":true,"href":"https:\/\/cerlalc.org\/pt-br\/wp-json\/wp\/v2\/programas?post=8463"},{"taxonomy":"author","embeddable":true,"href":"https:\/\/cerlalc.org\/pt-br\/wp-json\/wp\/v2\/coauthors?post=8463"}],"curies":[{"name":"wp","href":"https:\/\/api.w.org\/{rel}","templated":true}]}}