{"id":8476,"date":"2017-04-19T00:00:00","date_gmt":"2017-04-19T00:00:00","guid":{"rendered":"https:\/\/cerlalc.org\/fotorreportaje-feria-infantil-de-bolonia-2017-3\/"},"modified":"2017-04-19T00:00:00","modified_gmt":"2017-04-19T00:00:00","slug":"fotorreportaje-feria-infantil-de-bolonia-2017-3","status":"publish","type":"post","link":"https:\/\/cerlalc.org\/pt-br\/fotorreportaje-feria-infantil-de-bolonia-2017-3\/","title":{"rendered":"Fotorreportaje Feria infantil de Bolonia 2017"},"content":{"rendered":"<p>Este mes en Italia, se dio la quincuag\u00e9sima quinta edici\u00f3n de la Feria Infantil de Bolonia, la feria del libro m\u00e1s importante en el \u00e1mbito de la literatura infantil y juvenil. Entre el 3 y el 6 de abril de este a\u00f1o, se dieron cita editores, escritores, ilustradores, traductores, libreros y bibliotecarios de todo el mundo en el recinto ferial Bolognia Ferie. Con m\u00e1s de 50 a\u00f1os de trayectoria, la Feria del Libro de Bolonia convoca a los actores m\u00e1s importantes del mundo en el campo de la literatura infantil y juvenil.<\/p>\n<p>\u201cSilent book contest\u201d<\/p>\n<p>Uno de los aspectos m\u00e1s celebrados de la feria es la exhibici\u00f3n de ilustraciones. En la fotograf\u00eda se muestra la exposici\u00f3n de los finalistas de un \u201cSilent book contest\u201d un concurso de narraciones ilustradas sin textos. Entre los seleccionados se encontraron ilustradores de Italia, Francia, Ucrania e Israel.<\/p>\n<p>Anna Griot, con su libro A Night Music.<\/p>\n<p>Entre los finalistas estuvo la artista Francesa Anna Griot, con su libro A Night Music.<\/p>\n<p>City, Federico Penco<\/p>\n<p>City, del italiano Federico Penco<\/p>\n<p>A Day Alone, trabajo de Anat Warshavsky, de Israel<\/p>\n<p>A Day Alone, trabajo de Anat Warshavsky, de Israel<\/p>\n<p>Catalu\u00f1a invitado de honor<\/p>\n<p>Por primera vez un estado no fue invitado de honor de la Feria, Catalu\u00f1a, con m\u00e1s de 90 editoriales responsables de la publicaci\u00f3n de 2.700 t\u00edtulos al a\u00f1o la cultura catalana fue protagonista en esta feria.<\/p>\n<p>Las hamacas de la feria ofrec\u00edan espacios confortables de lectura mientras expon\u00edan los trabajos de ilustradores infantiles catalanes de las \u00faltimas d\u00e9cadas.<\/p>\n<p>Las hamacas de la feria ofrec\u00edan espacios confortables de lectura mientras expon\u00edan los trabajos de ilustradores infantiles catalanes de las \u00faltimas d\u00e9cadas.<\/p>\n<p>En el Ilustrators&#8217; Caf\u00e9, el espacio dedicado a la producci\u00f3n gr\u00e1fica para ni\u00f1os, se expusieron muestras de las tendencias mundiales en la ilustraci\u00f3n infantil.En el Ilustrators\u2019 Caf\u00e9, el espacio dedicado a la producci\u00f3n gr\u00e1fica para ni\u00f1os, se expusieron muestras de las tendencias mundiales en la ilustraci\u00f3n infantil.<\/p>\n<p>El Premio Bolonia Ragazzi reconoce trabajos editoriales para ni\u00f1os, destacando la fuerza innovadora de los trabajos y el equilibrio entre imagen y palabra. Los ganadores son elegidos entre las editoriales expositoras de la Feria. Estos fueron solo algunos de los galardonados.<\/p>\n<p>El Premio Bolonia Ragazzi reconoce trabajos editoriales para ni\u00f1os, destacando la fuerza innovadora de los trabajos y el equilibrio entre imagen y palabra. Los ganadores son elegidos entre las editoriales expositoras de la Feria. Estos fueron solo algunos de los galardonados.<\/p>\n<p>El Premio Internacional de Ilustraci\u00f3n Feria de Bolonia SM tuvo su octava edici\u00f3n. Este a\u00f1o el galard\u00f3n le fue otorgado al espa\u00f1ol Manuel Marsol. Aqu\u00ed, el ganador, junto a Javier Palop, presidente de la Fundaci\u00f3n SM, y Luis Fernando Crespo, presidente de SM.<\/p>\n","protected":false},"excerpt":{"rendered":"<p>Galeria fotogr\u00e1fica de la feria infantil de Bolonia<\/p>\n","protected":false},"author":60,"featured_media":7577,"comment_status":"open","ping_status":"open","sticky":false,"template":"","format":"standard","meta":{"_seopress_robots_primary_cat":""},"categories":[2464,2479],"tags":[2486,2466],"areas":[],"countries":[],"programas":[],"coauthors":[2232],"_links":{"self":[{"href":"https:\/\/cerlalc.org\/pt-br\/wp-json\/wp\/v2\/posts\/8476"}],"collection":[{"href":"https:\/\/cerlalc.org\/pt-br\/wp-json\/wp\/v2\/posts"}],"about":[{"href":"https:\/\/cerlalc.org\/pt-br\/wp-json\/wp\/v2\/types\/post"}],"author":[{"embeddable":true,"href":"https:\/\/cerlalc.org\/pt-br\/wp-json\/wp\/v2\/users\/60"}],"replies":[{"embeddable":true,"href":"https:\/\/cerlalc.org\/pt-br\/wp-json\/wp\/v2\/comments?post=8476"}],"version-history":[{"count":0,"href":"https:\/\/cerlalc.org\/pt-br\/wp-json\/wp\/v2\/posts\/8476\/revisions"}],"wp:featuredmedia":[{"embeddable":true,"href":"https:\/\/cerlalc.org\/pt-br\/wp-json\/wp\/v2\/media\/7577"}],"wp:attachment":[{"href":"https:\/\/cerlalc.org\/pt-br\/wp-json\/wp\/v2\/media?parent=8476"}],"wp:term":[{"taxonomy":"category","embeddable":true,"href":"https:\/\/cerlalc.org\/pt-br\/wp-json\/wp\/v2\/categories?post=8476"},{"taxonomy":"post_tag","embeddable":true,"href":"https:\/\/cerlalc.org\/pt-br\/wp-json\/wp\/v2\/tags?post=8476"},{"taxonomy":"areas","embeddable":true,"href":"https:\/\/cerlalc.org\/pt-br\/wp-json\/wp\/v2\/areas?post=8476"},{"taxonomy":"countries","embeddable":true,"href":"https:\/\/cerlalc.org\/pt-br\/wp-json\/wp\/v2\/countries?post=8476"},{"taxonomy":"programas","embeddable":true,"href":"https:\/\/cerlalc.org\/pt-br\/wp-json\/wp\/v2\/programas?post=8476"},{"taxonomy":"author","embeddable":true,"href":"https:\/\/cerlalc.org\/pt-br\/wp-json\/wp\/v2\/coauthors?post=8476"}],"curies":[{"name":"wp","href":"https:\/\/api.w.org\/{rel}","templated":true}]}}