{"id":8508,"date":"2017-04-03T08:51:53","date_gmt":"2017-04-03T08:51:53","guid":{"rendered":"https:\/\/cerlalc.org\/fondo-del-libro-de-chile-abre-convocatoria-para-el-programa-de-apoyo-a-la-difusion-de-proyectos\/"},"modified":"2017-04-03T08:51:53","modified_gmt":"2017-04-03T08:51:53","slug":"fondo-del-libro-de-chile-abre-convocatoria-para-el-programa-de-apoyo-a-la-difusion-de-proyectos","status":"publish","type":"post","link":"https:\/\/cerlalc.org\/pt-br\/fondo-del-libro-de-chile-abre-convocatoria-para-el-programa-de-apoyo-a-la-difusion-de-proyectos\/","title":{"rendered":"Fondo del Libro de Chile abre convocatoria para el programa de apoyo a la difusi\u00f3n de proyectos"},"content":{"rendered":"<p>El Consejo Nacional de la Cultura y las Artes de Chile, a trav\u00e9s del  Fondo del Libro y la Lectura, abre la convocatoria del Programa de Apoyo a la Difusi\u00f3n del libro, la lectura y la creaci\u00f3n chilena, segundo semestre 2017.<\/p>\n<p>Esta l\u00ednea cuenta con un presupuesto de $100 millones de pesos y financiar\u00e1 proyectos cuyas fechas de ejecuci\u00f3n se enmarquen entre el 16 de agosto y el 31 de diciembre de 2017, en las siguientes modalidades y submodalidades:<\/p>\n<p>Modalidad de Apoyo para la asistencia a ferias del libro de Frankfurt, FILSA, Guadalajara, Oaxaca y Feria Internacional del Libro Infantil y Juvenil de M\u00e9xico 2017. Las submodalidades comprendidas en esta modalidad son:<br \/>\nDifusi\u00f3n de autores y obras<br \/>\nProfesionales del libro<br \/>\nModalidad de Apoyo a acad\u00e9micos, bibliotecarios y mediadores de la lectura.<br \/>\nModalidad de Apoyo a la difusi\u00f3n de autores y profesionales del libro para la asistencia a otras ferias, festivales e instancias relativas al mundo del libro y la lectura.<br \/>\nLos proyectos postulados a la l\u00ednea, no podr\u00e1n superar un mes de duraci\u00f3n para su ejecuci\u00f3n y postular\u00e1n a un monto m\u00e1ximo a financiar por proyecto de $4 millones de pesos.<\/p>\n<p>La convocatoria estar\u00e1 abierta entre los d\u00edas viernes 31 de marzo y viernes 28 de abril.<\/p>\n<p>Bases, m\u00e1s informaci\u00f3n y postulaci\u00f3n de proyectos en http:\/\/www.fondosdecultura.gob.cl<\/p>\n","protected":false},"excerpt":{"rendered":"<p>El Consejo Nacional de la Cultura y las Artes de Chile, a trav\u00e9s del  Fondo del Libro y la Lectura, abre la convocatoria del Programa de Apoyo a la Difusi\u00f3n del libro, la lectura y la creaci\u00f3n chilena, segundo semestre 2017.<\/p>\n","protected":false},"author":1,"featured_media":0,"comment_status":"open","ping_status":"open","sticky":false,"template":"","format":"standard","meta":{"_seopress_robots_primary_cat":""},"categories":[2464],"tags":[2496,2520,2549,2548],"areas":[],"countries":[],"programas":[],"coauthors":[],"_links":{"self":[{"href":"https:\/\/cerlalc.org\/pt-br\/wp-json\/wp\/v2\/posts\/8508"}],"collection":[{"href":"https:\/\/cerlalc.org\/pt-br\/wp-json\/wp\/v2\/posts"}],"about":[{"href":"https:\/\/cerlalc.org\/pt-br\/wp-json\/wp\/v2\/types\/post"}],"author":[{"embeddable":true,"href":"https:\/\/cerlalc.org\/pt-br\/wp-json\/wp\/v2\/users\/1"}],"replies":[{"embeddable":true,"href":"https:\/\/cerlalc.org\/pt-br\/wp-json\/wp\/v2\/comments?post=8508"}],"version-history":[{"count":0,"href":"https:\/\/cerlalc.org\/pt-br\/wp-json\/wp\/v2\/posts\/8508\/revisions"}],"wp:attachment":[{"href":"https:\/\/cerlalc.org\/pt-br\/wp-json\/wp\/v2\/media?parent=8508"}],"wp:term":[{"taxonomy":"category","embeddable":true,"href":"https:\/\/cerlalc.org\/pt-br\/wp-json\/wp\/v2\/categories?post=8508"},{"taxonomy":"post_tag","embeddable":true,"href":"https:\/\/cerlalc.org\/pt-br\/wp-json\/wp\/v2\/tags?post=8508"},{"taxonomy":"areas","embeddable":true,"href":"https:\/\/cerlalc.org\/pt-br\/wp-json\/wp\/v2\/areas?post=8508"},{"taxonomy":"countries","embeddable":true,"href":"https:\/\/cerlalc.org\/pt-br\/wp-json\/wp\/v2\/countries?post=8508"},{"taxonomy":"programas","embeddable":true,"href":"https:\/\/cerlalc.org\/pt-br\/wp-json\/wp\/v2\/programas?post=8508"},{"taxonomy":"author","embeddable":true,"href":"https:\/\/cerlalc.org\/pt-br\/wp-json\/wp\/v2\/coauthors?post=8508"}],"curies":[{"name":"wp","href":"https:\/\/api.w.org\/{rel}","templated":true}]}}