{"id":8515,"date":"2017-03-31T11:00:10","date_gmt":"2017-03-31T11:00:10","guid":{"rendered":"https:\/\/cerlalc.org\/parlamento-europeo-inicia-la-implementacion-del-tratado-de-marrakech\/"},"modified":"2017-03-31T11:00:10","modified_gmt":"2017-03-31T11:00:10","slug":"parlamento-europeo-inicia-la-implementacion-del-tratado-de-marrakech","status":"publish","type":"post","link":"https:\/\/cerlalc.org\/pt-br\/parlamento-europeo-inicia-la-implementacion-del-tratado-de-marrakech\/","title":{"rendered":"Parlamento Europeo inicia la implementaci\u00f3n del Tratado de Marrakech"},"content":{"rendered":"<p>Por Alejandro Vega Vega<br \/>\nLos eurodiputados de la comisi\u00f3n de Justicia e Interior del Parlamento Europeo hicieron una la solicitud a los pa\u00edses miembros de fomentar la publicaci\u00f3n de libros dirigidos a personas con discapacidades visuales u otras dificultades para acceder a textos impresos. Con la propuesta los diputados pretenden alinear la legislaci\u00f3n europea con el tratado de Marrakech, firmado por la Uni\u00f3n Europea en 2014. <\/p>\n<p>En las resoluciones adoptadas por la Comisi\u00f3n, se establecen una serie de reglas impulsadas por la Organizaci\u00f3n Mundial de Propiedad Intelectual (OMPI), ratificadas por 51 pa\u00edses.  En las resoluciones est\u00e1 la implementaci\u00f3n de nuevas disposiciones relativas a los derechos de reproducci\u00f3n, distribuci\u00f3n y puesta a disposici\u00f3n del p\u00fablico de obras publicadas en formatos accesibles. De esta forma las personas  con discapacidades visuales y sus organizaciones podr\u00e1n producir libros en formatos de f\u00e1cil acceso sin necesidad de solicitar autorizaci\u00f3n por parte del titular de derechos de autor.<\/p>\n<p>Con la aplicaci\u00f3n de este tratado, tambi\u00e9n se armonizan las limitaciones y excepciones a los derechos de autor existentes en las legislaciones de los Estados miembros, con el fin de facilitar el intercambio transfronterizo de las obras en formatos como el lenguaje Braile, los audio libros, etc. De esta forma la Uni\u00f3n Europe mostrar\u00e1 la absoluta compatibilidad entre los derechos humanos y el derecho de autor. <\/p>\n<p>Los parlamentarios estiman que el porcentaje de libros adaptados en la UE en Braile, impresi\u00f3n en grandes caracteres o audio libros se sit\u00faa entre el 7 y el 20%, lo cual representa una enorme brecha de accesibilidad para las personas invidentes. Y se espera llegar a un acuerdo entre los estados miembros para completar la implementaci\u00f3n del tratado.<\/p>\n","protected":false},"excerpt":{"rendered":"<p>Los eurodiputados de la comisi\u00f3n de Justicia e Interior del Parlamento Europeo hicieron una la solicitud a los pa\u00edses miembros de fomentar la publicaci\u00f3n de libros dirigidos a personas con discapacidades visuales u otras dificultades para acceder a textos impresos.<\/p>\n","protected":false},"author":1,"featured_media":0,"comment_status":"open","ping_status":"open","sticky":false,"template":"","format":"standard","meta":{"_seopress_robots_primary_cat":""},"categories":[2464],"tags":[2493,2532],"areas":[],"countries":[],"programas":[],"coauthors":[],"_links":{"self":[{"href":"https:\/\/cerlalc.org\/pt-br\/wp-json\/wp\/v2\/posts\/8515"}],"collection":[{"href":"https:\/\/cerlalc.org\/pt-br\/wp-json\/wp\/v2\/posts"}],"about":[{"href":"https:\/\/cerlalc.org\/pt-br\/wp-json\/wp\/v2\/types\/post"}],"author":[{"embeddable":true,"href":"https:\/\/cerlalc.org\/pt-br\/wp-json\/wp\/v2\/users\/1"}],"replies":[{"embeddable":true,"href":"https:\/\/cerlalc.org\/pt-br\/wp-json\/wp\/v2\/comments?post=8515"}],"version-history":[{"count":0,"href":"https:\/\/cerlalc.org\/pt-br\/wp-json\/wp\/v2\/posts\/8515\/revisions"}],"wp:attachment":[{"href":"https:\/\/cerlalc.org\/pt-br\/wp-json\/wp\/v2\/media?parent=8515"}],"wp:term":[{"taxonomy":"category","embeddable":true,"href":"https:\/\/cerlalc.org\/pt-br\/wp-json\/wp\/v2\/categories?post=8515"},{"taxonomy":"post_tag","embeddable":true,"href":"https:\/\/cerlalc.org\/pt-br\/wp-json\/wp\/v2\/tags?post=8515"},{"taxonomy":"areas","embeddable":true,"href":"https:\/\/cerlalc.org\/pt-br\/wp-json\/wp\/v2\/areas?post=8515"},{"taxonomy":"countries","embeddable":true,"href":"https:\/\/cerlalc.org\/pt-br\/wp-json\/wp\/v2\/countries?post=8515"},{"taxonomy":"programas","embeddable":true,"href":"https:\/\/cerlalc.org\/pt-br\/wp-json\/wp\/v2\/programas?post=8515"},{"taxonomy":"author","embeddable":true,"href":"https:\/\/cerlalc.org\/pt-br\/wp-json\/wp\/v2\/coauthors?post=8515"}],"curies":[{"name":"wp","href":"https:\/\/api.w.org\/{rel}","templated":true}]}}