{"id":8517,"date":"2017-03-31T07:00:54","date_gmt":"2017-03-31T07:00:54","guid":{"rendered":"https:\/\/cerlalc.org\/coloquio-sobre-bibliotecas-academicas-en-veracruz\/"},"modified":"2017-03-31T07:00:54","modified_gmt":"2017-03-31T07:00:54","slug":"coloquio-sobre-bibliotecas-academicas-en-veracruz","status":"publish","type":"post","link":"https:\/\/cerlalc.org\/pt-br\/coloquio-sobre-bibliotecas-academicas-en-veracruz\/","title":{"rendered":"Coloquio sobre bibliotecas acad\u00e9micas en Veracruz"},"content":{"rendered":"<p>Talleres, mesas de trabajo y conferencias se llevar\u00e1n a cabo este 30 y 31 de marzo en la  Unidad de Servicios Bibliotecarios y de Informaci\u00f3n de Veracruz,  como parte del XI Coloquio Administraci\u00f3n y Liderazgo en el Campo Informativo cuyo tema es \u201cBiblioteca acad\u00e9mica, laboratorio para la construcci\u00f3n com\u00fan del conocimiento\u201d. Desde el a\u00f1o 2003 la Universidad de Veracruz impulsa, a trav\u00e9s de la Unidad de Servicios Bibliotecarios y de Informaci\u00f3n, intercambios acad\u00e9micos y de conocimientos sobre el tema de las bibliotecas.<\/p>\n<p>A este encuentro acuden bibliotecarios y especialistas que reflexionan sobre la estrecha relaci\u00f3n entre el conocimiento y las bibliotecas, como espacios l\u00fadicos para el aprendizaje. Para este d\u00eda est\u00e1n programadas las conferencias Wikipedia: aprendizajes en entornos digitales abiertos, Competencias para vincular el capital humano con la nueva biblioteca y La informaci\u00f3n \u2018glocal\u2019 en el aprendizaje.Tambi\u00e9n se trabajar\u00e1 en mesas que abordar\u00e1n los temas: Gesti\u00f3n de la informaci\u00f3n para la academia y la investigaci\u00f3n; Bibliotecas como centros de aprendizaje com\u00fan; Lectura cr\u00edtica y por placer, y Adquisici\u00f3n de competencias para vincular capital humano y bibliotecas.<\/p>\n<p>Para obtener mayor informaci\u00f3n del evento se puede consultar la p\u00e1gina www.uv.mx\/veracruz\/alci<\/p>\n","protected":false},"excerpt":{"rendered":"<p>\u00a0Desde el a\u00f1o 2003 la Universidad de Veracruz impulsa, a trav\u00e9s de la\u00a0Unidad de Servicios Bibliotecarios y de Informaci\u00f3n, intercambios acad\u00e9micos y de conocimientos sobre el tema de las bibliotecas.<\/p>\n","protected":false},"author":1,"featured_media":0,"comment_status":"open","ping_status":"open","sticky":false,"template":"","format":"standard","meta":{"_seopress_robots_primary_cat":""},"categories":[2464],"tags":[2478,2476],"areas":[],"countries":[],"programas":[],"coauthors":[],"_links":{"self":[{"href":"https:\/\/cerlalc.org\/pt-br\/wp-json\/wp\/v2\/posts\/8517"}],"collection":[{"href":"https:\/\/cerlalc.org\/pt-br\/wp-json\/wp\/v2\/posts"}],"about":[{"href":"https:\/\/cerlalc.org\/pt-br\/wp-json\/wp\/v2\/types\/post"}],"author":[{"embeddable":true,"href":"https:\/\/cerlalc.org\/pt-br\/wp-json\/wp\/v2\/users\/1"}],"replies":[{"embeddable":true,"href":"https:\/\/cerlalc.org\/pt-br\/wp-json\/wp\/v2\/comments?post=8517"}],"version-history":[{"count":0,"href":"https:\/\/cerlalc.org\/pt-br\/wp-json\/wp\/v2\/posts\/8517\/revisions"}],"wp:attachment":[{"href":"https:\/\/cerlalc.org\/pt-br\/wp-json\/wp\/v2\/media?parent=8517"}],"wp:term":[{"taxonomy":"category","embeddable":true,"href":"https:\/\/cerlalc.org\/pt-br\/wp-json\/wp\/v2\/categories?post=8517"},{"taxonomy":"post_tag","embeddable":true,"href":"https:\/\/cerlalc.org\/pt-br\/wp-json\/wp\/v2\/tags?post=8517"},{"taxonomy":"areas","embeddable":true,"href":"https:\/\/cerlalc.org\/pt-br\/wp-json\/wp\/v2\/areas?post=8517"},{"taxonomy":"countries","embeddable":true,"href":"https:\/\/cerlalc.org\/pt-br\/wp-json\/wp\/v2\/countries?post=8517"},{"taxonomy":"programas","embeddable":true,"href":"https:\/\/cerlalc.org\/pt-br\/wp-json\/wp\/v2\/programas?post=8517"},{"taxonomy":"author","embeddable":true,"href":"https:\/\/cerlalc.org\/pt-br\/wp-json\/wp\/v2\/coauthors?post=8517"}],"curies":[{"name":"wp","href":"https:\/\/api.w.org\/{rel}","templated":true}]}}